{"id":163181,"date":"2020-12-16T17:44:20","date_gmt":"2020-12-16T15:44:20","guid":{"rendered":"http:\/\/107.6.182.27\/es\/?p=163181"},"modified":"2023-01-10T14:30:53","modified_gmt":"2023-01-10T12:30:53","slug":"milicia-fds-allana-casas-y-secuestra-a-cuatro-civiles-de-una-localidad-al-este-de-deir-ezzor","status":"publish","type":"post","link":"https:\/\/archive.sana.sy\/es\/?p=163181","title":{"rendered":"Milicia proestadounidese FDS allana casas y secuestra a cuatro civiles en Deir Ezzor"},"content":{"rendered":"<p style=\"text-align: justify;\"><span style=\"color: #800000;\">Deir Ezzor, SANA<\/span><\/p>\n<p style=\"text-align: justify;\">La milicia autodenominada \u201cFuerzas Democr\u00e1ticas Sirias\u201d (FDS) lanz\u00f3 este mi\u00e9rcoles una campa\u00f1a de redadas, y secuestr\u00f3 a varios civiles de una localidad situada en el este de la provincia de Deir Ezzor, en el oriente sirio.<\/p>\n<p style=\"text-align: justify;\">Fuentes locales informaron que la campa\u00f1a se realiz\u00f3 en Abu Hamam, donde cuatro civiles fueron secuestrados y llevados a un paradero desconocido.<\/p>\n<p style=\"text-align: justify;\">Esta redada se produjo a la luz de las manifestaciones que tuvieron lugar en la regi\u00f3n nororiental siria durante los \u00faltimos d\u00edas, en protesta por las acciones inhumanas de la milicia y el saqueo de los recursos petroleros en la regi\u00f3n de Yazira, se\u00f1alaron las fuentes.<\/p>\n<p style=\"text-align: justify;\">Confirmaron que los integrantes de la milicia robaron los bienes de las casas allanadas, as\u00ed como destruyeron los inmuebles en otras.<\/p>\n<p style=\"text-align: justify;\">Durante la semana en curso, decenas de personas de la zona oriental de Deir Ezzor tomaron las calles en rechazoi y repudio a los cr\u00edmenes de la milicia FDS.<\/p>\n<p style=\"text-align: justify;\"><em><span style=\"color: #0000ff;\"><strong>la\/fm<\/strong><\/span><\/em><\/p>\n","protected":false},"excerpt":{"rendered":"<p>Deir Ezzor, SANA La milicia autodenominada \u201cFuerzas Democr\u00e1ticas Sirias\u201d (FDS) lanz\u00f3 este mi\u00e9rcoles una campa\u00f1a de redadas, y secuestr\u00f3 a varios civiles de una localidad situada en el este de la provincia de Deir Ezzor, en el oriente sirio. Fuentes locales informaron que la campa\u00f1a se realiz\u00f3 en Abu Hamam, donde cuatro civiles fueron secuestrados &hellip;<\/p>\n","protected":false},"author":24,"featured_media":158068,"comment_status":"closed","ping_status":"closed","sticky":false,"template":"","format":"standard","meta":{"footnotes":""},"categories":[447,597,573,7541],"tags":[],"class_list":["post-163181","post","type-post","status-publish","format-standard","has-post-thumbnail","","category-local-politica","category-cinta-de-noticias","category-la-realidad-de-los-acontecimientos-en-siria","category-ultimas-noticias"],"_links":{"self":[{"href":"https:\/\/archive.sana.sy\/es\/index.php?rest_route=\/wp\/v2\/posts\/163181"}],"collection":[{"href":"https:\/\/archive.sana.sy\/es\/index.php?rest_route=\/wp\/v2\/posts"}],"about":[{"href":"https:\/\/archive.sana.sy\/es\/index.php?rest_route=\/wp\/v2\/types\/post"}],"author":[{"embeddable":true,"href":"https:\/\/archive.sana.sy\/es\/index.php?rest_route=\/wp\/v2\/users\/24"}],"replies":[{"embeddable":true,"href":"https:\/\/archive.sana.sy\/es\/index.php?rest_route=%2Fwp%2Fv2%2Fcomments&post=163181"}],"version-history":[{"count":0,"href":"https:\/\/archive.sana.sy\/es\/index.php?rest_route=\/wp\/v2\/posts\/163181\/revisions"}],"wp:featuredmedia":[{"embeddable":true,"href":"https:\/\/archive.sana.sy\/es\/index.php?rest_route=\/wp\/v2\/media\/158068"}],"wp:attachment":[{"href":"https:\/\/archive.sana.sy\/es\/index.php?rest_route=%2Fwp%2Fv2%2Fmedia&parent=163181"}],"wp:term":[{"taxonomy":"category","embeddable":true,"href":"https:\/\/archive.sana.sy\/es\/index.php?rest_route=%2Fwp%2Fv2%2Fcategories&post=163181"},{"taxonomy":"post_tag","embeddable":true,"href":"https:\/\/archive.sana.sy\/es\/index.php?rest_route=%2Fwp%2Fv2%2Ftags&post=163181"}],"curies":[{"name":"wp","href":"https:\/\/api.w.org\/{rel}","templated":true}]}}