{"id":163183,"date":"2020-12-16T15:55:21","date_gmt":"2020-12-16T13:55:21","guid":{"rendered":"http:\/\/107.6.182.27\/es\/?p=163183"},"modified":"2023-01-10T14:30:53","modified_gmt":"2023-01-10T12:30:53","slug":"una-victima-mortal-y-tres-heridos-tras-explosion-de-mina-colocada-por-terroristas-en-una-localidad-en-el-norte-de-hama","status":"publish","type":"post","link":"https:\/\/archive.sana.sy\/es\/?p=163183","title":{"rendered":"Una v\u00edctima mortal y tres heridos tras explosi\u00f3n de mina colocada por terroristas al norte de Hama"},"content":{"rendered":"<p style=\"text-align: justify\"><span style=\"color: #800000\">Hama, SANA<\/span><\/p>\n<p style=\"text-align: justify\">Una persona perdi\u00f3 la vida y otras tres resultaron heridas tras la explosi\u00f3n de una mina abandonada por los terroristas que operaban en el noreste de la provincia de Hama.<\/p>\n<p style=\"text-align: justify\">Una fuente del Comando de Polic\u00eda de Hama detall\u00f3 que una mina terrestre sembrada por grupos terroristas en las granjas de la localidad de al-Merijah, estall\u00f3 provocando una v\u00edctima mortal y tres heridos.<\/p>\n<p style=\"text-align: justify\">La referida localidad se ubica al noreste de la localidad de Saan en el lado oriental de Salamieh.<\/p>\n<p style=\"text-align: justify\"><em><span style=\"color: #0000ff\"><strong>la<\/strong><\/span><\/em><\/p>\n","protected":false},"excerpt":{"rendered":"<p>Hama, SANA Una persona perdi\u00f3 la vida y otras tres resultaron heridas tras la explosi\u00f3n de una mina abandonada por los terroristas que operaban en el noreste de la provincia de Hama. Una fuente del Comando de Polic\u00eda de Hama detall\u00f3 que una mina terrestre sembrada por grupos terroristas en las granjas de la localidad &hellip;<\/p>\n","protected":false},"author":24,"featured_media":136730,"comment_status":"closed","ping_status":"closed","sticky":false,"template":"","format":"standard","meta":{"footnotes":""},"categories":[447,597,573,7541],"tags":[],"class_list":["post-163183","post","type-post","status-publish","format-standard","has-post-thumbnail","","category-local-politica","category-cinta-de-noticias","category-la-realidad-de-los-acontecimientos-en-siria","category-ultimas-noticias"],"_links":{"self":[{"href":"https:\/\/archive.sana.sy\/es\/index.php?rest_route=\/wp\/v2\/posts\/163183"}],"collection":[{"href":"https:\/\/archive.sana.sy\/es\/index.php?rest_route=\/wp\/v2\/posts"}],"about":[{"href":"https:\/\/archive.sana.sy\/es\/index.php?rest_route=\/wp\/v2\/types\/post"}],"author":[{"embeddable":true,"href":"https:\/\/archive.sana.sy\/es\/index.php?rest_route=\/wp\/v2\/users\/24"}],"replies":[{"embeddable":true,"href":"https:\/\/archive.sana.sy\/es\/index.php?rest_route=%2Fwp%2Fv2%2Fcomments&post=163183"}],"version-history":[{"count":0,"href":"https:\/\/archive.sana.sy\/es\/index.php?rest_route=\/wp\/v2\/posts\/163183\/revisions"}],"wp:featuredmedia":[{"embeddable":true,"href":"https:\/\/archive.sana.sy\/es\/index.php?rest_route=\/wp\/v2\/media\/136730"}],"wp:attachment":[{"href":"https:\/\/archive.sana.sy\/es\/index.php?rest_route=%2Fwp%2Fv2%2Fmedia&parent=163183"}],"wp:term":[{"taxonomy":"category","embeddable":true,"href":"https:\/\/archive.sana.sy\/es\/index.php?rest_route=%2Fwp%2Fv2%2Fcategories&post=163183"},{"taxonomy":"post_tag","embeddable":true,"href":"https:\/\/archive.sana.sy\/es\/index.php?rest_route=%2Fwp%2Fv2%2Ftags&post=163183"}],"curies":[{"name":"wp","href":"https:\/\/api.w.org\/{rel}","templated":true}]}}