{"id":163187,"date":"2020-12-16T18:35:32","date_gmt":"2020-12-16T16:35:32","guid":{"rendered":"http:\/\/107.6.182.27\/es\/?p=163187"},"modified":"2023-01-10T15:14:37","modified_gmt":"2023-01-10T13:14:37","slug":"proxima-reunion-de-la-comision-gubernamental-mixta-sirio-rusa-sera-celebrada-en-el-primer-trimestre-de-2021","status":"publish","type":"post","link":"https:\/\/archive.sana.sy\/es\/?p=163187","title":{"rendered":"Comisi\u00f3n Mixta Sirio-Rusa se celebrar\u00e1 en el primer trimestre del 2021"},"content":{"rendered":"<p style=\"text-align: justify;\"><span style=\"color: #800000;\">Mosc\u00fa, SANA<\/span><\/p>\n<p style=\"text-align: justify;\">El Ministerio de Exteriores de Rusia anunci\u00f3 que la pr\u00f3xima reuni\u00f3n de la Comisi\u00f3n Gubernamental Mixta Sirio-Rusa tendr\u00e1 lugar en el primer trimestre de 2021, en la capital siria Damasco.<\/p>\n<p style=\"text-align: justify;\">En una declaraci\u00f3n publicada por la agencia Sputnik, la Canciller\u00eda rusa inform\u00f3 que el orden de d\u00eda de las reuniones incluye un intercambio de puntos de vista sobre el desarrollo de la situaci\u00f3n en Siria, con un enfoque en la misi\u00f3n de promover el arreglo pol\u00edtico sobre la base de la resoluci\u00f3n del Consejo de Seguridad No. 2254, incluida la labor del Comit\u00e9 encargado de debatir la Constituci\u00f3n siria en Ginebra.<\/p>\n<p style=\"text-align: justify;\">\u201cPartimos de la necesidad de respetar la soberan\u00eda, seguridad e integridad territorial de la Rep\u00fablica \u00c1rabe Siria, y aferrarse al derecho de los sirios a determinar de forma independiente el futuro de su pa\u00eds sin ninguna injerencia for\u00e1nea\u201d, rez\u00f3 la declaraci\u00f3n.<\/p>\n<p style=\"text-align: justify;\">La Comisi\u00f3n Permanente Mixta Sirio-Rusa para la Cooperaci\u00f3n Comercial, Econ\u00f3mica, T\u00e9cnica y Cient\u00edfica firm\u00f3 durante su 12\u00aa reuni\u00f3n celebrada el 25 de diciembre del a\u00f1o pasado en Mosc\u00fa, el protocolo final de la reuni\u00f3n y un acuerdo de cooperaci\u00f3n en materia aduanera.<\/p>\n<p style=\"text-align: justify;\"><strong><span style=\"color: #0000ff;\"><em>la<\/em><\/span><\/strong><\/p>\n","protected":false},"excerpt":{"rendered":"<p>Mosc\u00fa, SANA El Ministerio de Exteriores de Rusia anunci\u00f3 que la pr\u00f3xima reuni\u00f3n de la Comisi\u00f3n Gubernamental Mixta Sirio-Rusa tendr\u00e1 lugar en el primer trimestre de 2021, en la capital siria Damasco. En una declaraci\u00f3n publicada por la agencia Sputnik, la Canciller\u00eda rusa inform\u00f3 que el orden de d\u00eda de las reuniones incluye un intercambio &hellip;<\/p>\n","protected":false},"author":24,"featured_media":163188,"comment_status":"closed","ping_status":"closed","sticky":false,"template":"","format":"standard","meta":{"footnotes":""},"categories":[597,485,467,7541],"tags":[],"class_list":["post-163187","post","type-post","status-publish","format-standard","has-post-thumbnail","","category-cinta-de-noticias","category-informes-negocios-y-finanzas","category-siria-y-el-mundo","category-ultimas-noticias"],"_links":{"self":[{"href":"https:\/\/archive.sana.sy\/es\/index.php?rest_route=\/wp\/v2\/posts\/163187"}],"collection":[{"href":"https:\/\/archive.sana.sy\/es\/index.php?rest_route=\/wp\/v2\/posts"}],"about":[{"href":"https:\/\/archive.sana.sy\/es\/index.php?rest_route=\/wp\/v2\/types\/post"}],"author":[{"embeddable":true,"href":"https:\/\/archive.sana.sy\/es\/index.php?rest_route=\/wp\/v2\/users\/24"}],"replies":[{"embeddable":true,"href":"https:\/\/archive.sana.sy\/es\/index.php?rest_route=%2Fwp%2Fv2%2Fcomments&post=163187"}],"version-history":[{"count":0,"href":"https:\/\/archive.sana.sy\/es\/index.php?rest_route=\/wp\/v2\/posts\/163187\/revisions"}],"wp:featuredmedia":[{"embeddable":true,"href":"https:\/\/archive.sana.sy\/es\/index.php?rest_route=\/wp\/v2\/media\/163188"}],"wp:attachment":[{"href":"https:\/\/archive.sana.sy\/es\/index.php?rest_route=%2Fwp%2Fv2%2Fmedia&parent=163187"}],"wp:term":[{"taxonomy":"category","embeddable":true,"href":"https:\/\/archive.sana.sy\/es\/index.php?rest_route=%2Fwp%2Fv2%2Fcategories&post=163187"},{"taxonomy":"post_tag","embeddable":true,"href":"https:\/\/archive.sana.sy\/es\/index.php?rest_route=%2Fwp%2Fv2%2Ftags&post=163187"}],"curies":[{"name":"wp","href":"https:\/\/api.w.org\/{rel}","templated":true}]}}