{"id":163230,"date":"2020-12-17T07:40:43","date_gmt":"2020-12-17T05:40:43","guid":{"rendered":"http:\/\/107.6.182.27\/es\/?p=163230"},"modified":"2023-01-10T14:30:52","modified_gmt":"2023-01-10T12:30:52","slug":"iran-destaca-en-la-onu-la-necesidad-de-respetar-la-soberania-de-siria-y-continuar-la-lucha-contra-el-terrorismo","status":"publish","type":"post","link":"https:\/\/archive.sana.sy\/es\/?p=163230","title":{"rendered":"Ir\u00e1n destaca en la ONU la necesidad de respetar la soberan\u00eda de Siria y continuar la lucha contra el terrorismo"},"content":{"rendered":"<p style=\"text-align: justify;\"><span style=\"color: #800000;\"><strong>Nueva York, SANA<\/strong><\/span><\/p>\n<p style=\"text-align: justify;\">El representante permanente de Ir\u00e1n ante las Naciones Unidas, Majid Takht Rawanji, reiter\u00f3 la necesidad de respetar la soberan\u00eda y la integridad territorial de Siria y la salida de todas las fuerzas extranjeras presentes sin el consentimiento del estado sirio.<\/p>\n<p style=\"text-align: justify;\">La agencia de noticias Fars cit\u00f3 a Rawanji diciendo en su intervenci\u00f3n durante la reuni\u00f3n del Consejo de Seguridad de la ONU sobre la situaci\u00f3n en Siria, que \u201ctodas las fuerzas extranjeras presentes en Siria sin la aprobaci\u00f3n del gobierno sirio deben abandonar este pa\u00eds\u201d.<\/p>\n<p style=\"text-align: justify;\">Reiter\u00f3 el rechazo de su pa\u00eds a cualquier medida separatista e iniciativas ilegales en Siria.<\/p>\n<p style=\"text-align: justify;\">El delegado iran\u00ed expres\u00f3 el compromiso de su pa\u00eds con una soluci\u00f3n pol\u00edtica global a la crisis en Siria y enfatiz\u00f3 la importancia de continuar la lucha contra el terrorismo hasta la erradicaci\u00f3n de esa amenaza por completo.<\/p>\n<p style=\"text-align: justify;\">\u201cLugares como Idlib no deber\u00edan convertirse en un refugio seguro para organizaciones terroristas\u201d, asegur\u00f3.<\/p>\n<p style=\"text-align: justify;\">Seg\u00fan Rawanji, el Comit\u00e9 de Debate de la Constituci\u00f3n debe continuar su trabajo sin ninguna injerencia o presi\u00f3n externa, o plazos artificiales para su trabajo.<\/p>\n<p style=\"text-align: justify;\">fm<\/p>\n","protected":false},"excerpt":{"rendered":"<p>Nueva York, SANA El representante permanente de Ir\u00e1n ante las Naciones Unidas, Majid Takht Rawanji, reiter\u00f3 la necesidad de respetar la soberan\u00eda y la integridad territorial de Siria y la salida de todas las fuerzas extranjeras presentes sin el consentimiento del estado sirio. La agencia de noticias Fars cit\u00f3 a Rawanji diciendo en su intervenci\u00f3n &hellip;<\/p>\n","protected":false},"author":34,"featured_media":163231,"comment_status":"closed","ping_status":"closed","sticky":false,"template":"","format":"standard","meta":{"footnotes":""},"categories":[447,597,467,7541],"tags":[],"class_list":["post-163230","post","type-post","status-publish","format-standard","has-post-thumbnail","","category-local-politica","category-cinta-de-noticias","category-siria-y-el-mundo","category-ultimas-noticias"],"_links":{"self":[{"href":"https:\/\/archive.sana.sy\/es\/index.php?rest_route=\/wp\/v2\/posts\/163230"}],"collection":[{"href":"https:\/\/archive.sana.sy\/es\/index.php?rest_route=\/wp\/v2\/posts"}],"about":[{"href":"https:\/\/archive.sana.sy\/es\/index.php?rest_route=\/wp\/v2\/types\/post"}],"author":[{"embeddable":true,"href":"https:\/\/archive.sana.sy\/es\/index.php?rest_route=\/wp\/v2\/users\/34"}],"replies":[{"embeddable":true,"href":"https:\/\/archive.sana.sy\/es\/index.php?rest_route=%2Fwp%2Fv2%2Fcomments&post=163230"}],"version-history":[{"count":0,"href":"https:\/\/archive.sana.sy\/es\/index.php?rest_route=\/wp\/v2\/posts\/163230\/revisions"}],"wp:featuredmedia":[{"embeddable":true,"href":"https:\/\/archive.sana.sy\/es\/index.php?rest_route=\/wp\/v2\/media\/163231"}],"wp:attachment":[{"href":"https:\/\/archive.sana.sy\/es\/index.php?rest_route=%2Fwp%2Fv2%2Fmedia&parent=163230"}],"wp:term":[{"taxonomy":"category","embeddable":true,"href":"https:\/\/archive.sana.sy\/es\/index.php?rest_route=%2Fwp%2Fv2%2Fcategories&post=163230"},{"taxonomy":"post_tag","embeddable":true,"href":"https:\/\/archive.sana.sy\/es\/index.php?rest_route=%2Fwp%2Fv2%2Ftags&post=163230"}],"curies":[{"name":"wp","href":"https:\/\/api.w.org\/{rel}","templated":true}]}}