{"id":163238,"date":"2020-12-17T10:24:11","date_gmt":"2020-12-17T08:24:11","guid":{"rendered":"http:\/\/107.6.182.27\/es\/?p=163238"},"modified":"2020-12-17T10:24:25","modified_gmt":"2020-12-17T08:24:25","slug":"163238","status":"publish","type":"post","link":"https:\/\/archive.sana.sy\/es\/?p=163238","title":{"rendered":"Estudiantes sirios en Cuba llaman al levantamiento de medidas coercitivas impuestas a su pa\u00eds"},"content":{"rendered":"<p style=\"text-align: justify;\"><span style=\"color: #800000;\"><strong>La Habana, SANA<\/strong><\/span><\/p>\n<p style=\"text-align: justify;\">Los estudiantes sirios en Cuba denunciaron las medidas econ\u00f3micas coercitivas unilaterales impuestas a su pa\u00eds, y pidieron a los estados de la UE que las levanten y trabajen para facilitar el regreso de los refugiados sirios a su tierra natal.<\/p>\n<p style=\"text-align: justify;\">Destacaron, en un mensaje entregado al ministro consejero en la embajada de la UE en La Habana, Andrea Rossi, que las medidas econ\u00f3micas coercitivas unilaterales impuestas por Estados Unidos y la UE sobre el pueblo sirio son un terrorismo econ\u00f3mico que atenta contra el sustento del pueblo sirio.<img loading=\"lazy\" decoding=\"async\" class=\"alignright size-full wp-image-163240\" src=\"http:\/\/107.6.182.27\/es\/wp-content\/uploads\/2020\/12\/2-169-300x195-1.jpg\" alt=\"\" width=\"300\" height=\"195\" srcset=\"https:\/\/archive.sana.sy\/es\/wp-content\/uploads\/2020\/12\/2-169-300x195-1.jpg 300w, https:\/\/archive.sana.sy\/es\/wp-content\/uploads\/2020\/12\/2-169-300x195-1-150x98.jpg 150w\" sizes=\"(max-width: 300px) 100vw, 300px\" \/><\/p>\n<p style=\"text-align: justify;\">Se\u00f1alaron que la mayor\u00eda de los sirios desplazados quieren regresar a su tierra natal, despu\u00e9s de que el Estado sirio haya preparado las condiciones necesarias para eso, pero muchos pa\u00edses est\u00e1n obstaculizando este regreso mediante la imposici\u00f3n de medidas econ\u00f3micas coercitivas contra el sirio.<\/p>\n<p style=\"text-align: justify;\">En su carta, los estudiantes sirios instaron a la comunidad internacional a trabajar para facilitar el regreso de los desplazados por el terrorismo a su tierra natal.<\/p>\n<p style=\"text-align: justify;\"><strong><span style=\"color: #0000ff;\">ed\/fm<\/span><\/strong><\/p>\n","protected":false},"excerpt":{"rendered":"<p>La Habana, SANA Los estudiantes sirios en Cuba denunciaron las medidas econ\u00f3micas coercitivas unilaterales impuestas a su pa\u00eds, y pidieron a los estados de la UE que las levanten y trabajen para facilitar el regreso de los refugiados sirios a su tierra natal. Destacaron, en un mensaje entregado al ministro consejero en la embajada de &hellip;<\/p>\n","protected":false},"author":32,"featured_media":163239,"comment_status":"closed","ping_status":"closed","sticky":false,"template":"","format":"standard","meta":{"footnotes":""},"categories":[597,467,7541],"tags":[],"class_list":["post-163238","post","type-post","status-publish","format-standard","has-post-thumbnail","","category-cinta-de-noticias","category-siria-y-el-mundo","category-ultimas-noticias"],"_links":{"self":[{"href":"https:\/\/archive.sana.sy\/es\/index.php?rest_route=\/wp\/v2\/posts\/163238"}],"collection":[{"href":"https:\/\/archive.sana.sy\/es\/index.php?rest_route=\/wp\/v2\/posts"}],"about":[{"href":"https:\/\/archive.sana.sy\/es\/index.php?rest_route=\/wp\/v2\/types\/post"}],"author":[{"embeddable":true,"href":"https:\/\/archive.sana.sy\/es\/index.php?rest_route=\/wp\/v2\/users\/32"}],"replies":[{"embeddable":true,"href":"https:\/\/archive.sana.sy\/es\/index.php?rest_route=%2Fwp%2Fv2%2Fcomments&post=163238"}],"version-history":[{"count":0,"href":"https:\/\/archive.sana.sy\/es\/index.php?rest_route=\/wp\/v2\/posts\/163238\/revisions"}],"wp:featuredmedia":[{"embeddable":true,"href":"https:\/\/archive.sana.sy\/es\/index.php?rest_route=\/wp\/v2\/media\/163239"}],"wp:attachment":[{"href":"https:\/\/archive.sana.sy\/es\/index.php?rest_route=%2Fwp%2Fv2%2Fmedia&parent=163238"}],"wp:term":[{"taxonomy":"category","embeddable":true,"href":"https:\/\/archive.sana.sy\/es\/index.php?rest_route=%2Fwp%2Fv2%2Fcategories&post=163238"},{"taxonomy":"post_tag","embeddable":true,"href":"https:\/\/archive.sana.sy\/es\/index.php?rest_route=%2Fwp%2Fv2%2Ftags&post=163238"}],"curies":[{"name":"wp","href":"https:\/\/api.w.org\/{rel}","templated":true}]}}