{"id":163243,"date":"2020-12-17T12:08:51","date_gmt":"2020-12-17T10:08:51","guid":{"rendered":"http:\/\/107.6.182.27\/es\/?p=163243"},"modified":"2020-12-17T12:08:51","modified_gmt":"2020-12-17T10:08:51","slug":"ministro-de-exteriores-y-expatriados-faisal-mekdad-se-reunio-con-su-homologo-ruso-sergey-lavrov-en-moscu-mekdad-agradecemos-a-rusia-por-apoyar-a-siria-en-su-lucha-contra-el-terrorismo-y-esperamos","status":"publish","type":"post","link":"https:\/\/archive.sana.sy\/es\/?p=163243","title":{"rendered":"Ministro de Exteriores y Expatriados, Faisal Mekdad se reuni\u00f3 con su hom\u00f3logo ruso Sergey Lavrov en Mosc\u00fa.. Mekdad: Agradecemos a Rusia por apoyar a Siria en su lucha contra el terrorismo, y esperamos fortalecer las relaciones estrat\u00e9gicas entre nuestros dos pa\u00edses."},"content":{"rendered":"","protected":false},"excerpt":{"rendered":"","protected":false},"author":32,"featured_media":0,"comment_status":"closed","ping_status":"closed","sticky":false,"template":"","format":"standard","meta":{"footnotes":""},"categories":[596],"tags":[],"class_list":["post-163243","post","type-post","status-publish","format-standard","","category-urgente"],"_links":{"self":[{"href":"https:\/\/archive.sana.sy\/es\/index.php?rest_route=\/wp\/v2\/posts\/163243"}],"collection":[{"href":"https:\/\/archive.sana.sy\/es\/index.php?rest_route=\/wp\/v2\/posts"}],"about":[{"href":"https:\/\/archive.sana.sy\/es\/index.php?rest_route=\/wp\/v2\/types\/post"}],"author":[{"embeddable":true,"href":"https:\/\/archive.sana.sy\/es\/index.php?rest_route=\/wp\/v2\/users\/32"}],"replies":[{"embeddable":true,"href":"https:\/\/archive.sana.sy\/es\/index.php?rest_route=%2Fwp%2Fv2%2Fcomments&post=163243"}],"version-history":[{"count":0,"href":"https:\/\/archive.sana.sy\/es\/index.php?rest_route=\/wp\/v2\/posts\/163243\/revisions"}],"wp:attachment":[{"href":"https:\/\/archive.sana.sy\/es\/index.php?rest_route=%2Fwp%2Fv2%2Fmedia&parent=163243"}],"wp:term":[{"taxonomy":"category","embeddable":true,"href":"https:\/\/archive.sana.sy\/es\/index.php?rest_route=%2Fwp%2Fv2%2Fcategories&post=163243"},{"taxonomy":"post_tag","embeddable":true,"href":"https:\/\/archive.sana.sy\/es\/index.php?rest_route=%2Fwp%2Fv2%2Ftags&post=163243"}],"curies":[{"name":"wp","href":"https:\/\/api.w.org\/{rel}","templated":true}]}}