{"id":163250,"date":"2020-12-17T12:51:42","date_gmt":"2020-12-17T10:51:42","guid":{"rendered":"http:\/\/107.6.182.27\/es\/?p=163250"},"modified":"2020-12-17T12:51:42","modified_gmt":"2020-12-17T10:51:42","slug":"ultima-hora-lavrov-durante-una-conferencia-de-prensa-con-mekdad-mantuvimos-conversaciones-sobre-la-situacion-actual-en-siria-y-los-principales-temas-de-la-agenda-regional-ademas-de-repasar-el-forta","status":"publish","type":"post","link":"https:\/\/archive.sana.sy\/es\/?p=163250","title":{"rendered":"\u00daLTIMA HORA: Lavrov durante una conferencia de prensa con Mekdad: mantuvimos conversaciones sobre la situaci\u00f3n actual en Siria y los principales temas de la agenda regional, adem\u00e1s de repasar el fortalecimiento de las relaciones bilaterales entre los dos pa\u00edses"},"content":{"rendered":"","protected":false},"excerpt":{"rendered":"","protected":false},"author":32,"featured_media":0,"comment_status":"closed","ping_status":"closed","sticky":false,"template":"","format":"standard","meta":{"footnotes":""},"categories":[596],"tags":[],"class_list":["post-163250","post","type-post","status-publish","format-standard","","category-urgente"],"_links":{"self":[{"href":"https:\/\/archive.sana.sy\/es\/index.php?rest_route=\/wp\/v2\/posts\/163250"}],"collection":[{"href":"https:\/\/archive.sana.sy\/es\/index.php?rest_route=\/wp\/v2\/posts"}],"about":[{"href":"https:\/\/archive.sana.sy\/es\/index.php?rest_route=\/wp\/v2\/types\/post"}],"author":[{"embeddable":true,"href":"https:\/\/archive.sana.sy\/es\/index.php?rest_route=\/wp\/v2\/users\/32"}],"replies":[{"embeddable":true,"href":"https:\/\/archive.sana.sy\/es\/index.php?rest_route=%2Fwp%2Fv2%2Fcomments&post=163250"}],"version-history":[{"count":0,"href":"https:\/\/archive.sana.sy\/es\/index.php?rest_route=\/wp\/v2\/posts\/163250\/revisions"}],"wp:attachment":[{"href":"https:\/\/archive.sana.sy\/es\/index.php?rest_route=%2Fwp%2Fv2%2Fmedia&parent=163250"}],"wp:term":[{"taxonomy":"category","embeddable":true,"href":"https:\/\/archive.sana.sy\/es\/index.php?rest_route=%2Fwp%2Fv2%2Fcategories&post=163250"},{"taxonomy":"post_tag","embeddable":true,"href":"https:\/\/archive.sana.sy\/es\/index.php?rest_route=%2Fwp%2Fv2%2Ftags&post=163250"}],"curies":[{"name":"wp","href":"https:\/\/api.w.org\/{rel}","templated":true}]}}