{"id":163252,"date":"2020-12-17T12:55:17","date_gmt":"2020-12-17T10:55:17","guid":{"rendered":"http:\/\/107.6.182.27\/es\/?p=163252"},"modified":"2020-12-17T22:05:13","modified_gmt":"2020-12-17T20:05:13","slug":"protesta-popular-en-hasakeh-contra-los-crimenes-del-ocupante-turco-fotos","status":"publish","type":"post","link":"https:\/\/archive.sana.sy\/es\/?p=163252","title":{"rendered":"Protesta popular en Hasakeh contra los cr\u00edmenes del ocupante turco (fotos)"},"content":{"rendered":"<p style=\"text-align: justify;\"><span style=\"color: #800000;\">Hasakeh, SANA<\/span><\/p>\n<p style=\"font-weight: 400; text-align: justify;\">Miles de personas protestaron hoy en la ciudad de Hasakeh, cabecera de la provincia hom\u00f3nima, contra los cr\u00edmenes del ocupante turco, en particular el corte de agua potable a un mill\u00f3n de civiles.<\/p>\n<p style=\"font-weight: 400; text-align: justify;\">Los manifestantes condenaron en\u00e9rgicamente el silencio de la comunidad internacional ante el crimen de cortar el agua potable a un mill\u00f3n de civiles por la ocupaci\u00f3n turca y sus mercenarios.<\/p>\n<p style=\"font-weight: 400; text-align: justify;\">Asimismo, afirmaron su pleno rechazo a la ocupaci\u00f3n turca y sus pr\u00e1cticas inhumanas, pues utiliza el agua como arma para llevar a cabo sus maliciosas agendas en la regi\u00f3n a expensas del sufrimiento de los civiles en Hasakeh y su campi\u00f1a.<\/p>\n<p style=\"font-weight: 400; text-align: justify;\">Fustigaron que cortar el agua es un crimen contra la humanidad y augura una tragedia para un mill\u00f3n de civiles que dependen de la estaci\u00f3n de Aluk como una fuente fundamental de agua potable.<\/p>\n<p style=\"text-align: justify;\"><strong><span style=\"color: #0000ff;\">fm\/ah\/rsh\/ed<\/span><\/strong><\/p>\n<div id='gallery-1' class='gallery galleryid-163252 gallery-columns-1 gallery-size-full'><figure class='gallery-item'>\n\t\t\t<div class='gallery-icon landscape'>\n\t\t\t\t<a href='https:\/\/archive.sana.sy\/es\/wp-content\/uploads\/2020\/12\/1-15.jpg'><img loading=\"lazy\" decoding=\"async\" width=\"660\" height=\"371\" src=\"https:\/\/archive.sana.sy\/es\/wp-content\/uploads\/2020\/12\/1-15.jpg\" class=\"attachment-full size-full\" alt=\"\" srcset=\"https:\/\/archive.sana.sy\/es\/wp-content\/uploads\/2020\/12\/1-15.jpg 660w, https:\/\/archive.sana.sy\/es\/wp-content\/uploads\/2020\/12\/1-15-300x169.jpg 300w, https:\/\/archive.sana.sy\/es\/wp-content\/uploads\/2020\/12\/1-15-150x84.jpg 150w\" sizes=\"(max-width: 660px) 100vw, 660px\" \/><\/a>\n\t\t\t<\/div><\/figure><figure class='gallery-item'>\n\t\t\t<div class='gallery-icon landscape'>\n\t\t\t\t<a href='https:\/\/archive.sana.sy\/es\/wp-content\/uploads\/2020\/12\/2-11.jpg'><img loading=\"lazy\" decoding=\"async\" width=\"660\" height=\"371\" src=\"https:\/\/archive.sana.sy\/es\/wp-content\/uploads\/2020\/12\/2-11.jpg\" class=\"attachment-full size-full\" alt=\"\" srcset=\"https:\/\/archive.sana.sy\/es\/wp-content\/uploads\/2020\/12\/2-11.jpg 660w, https:\/\/archive.sana.sy\/es\/wp-content\/uploads\/2020\/12\/2-11-300x169.jpg 300w, https:\/\/archive.sana.sy\/es\/wp-content\/uploads\/2020\/12\/2-11-150x84.jpg 150w\" sizes=\"(max-width: 660px) 100vw, 660px\" \/><\/a>\n\t\t\t<\/div><\/figure><figure class='gallery-item'>\n\t\t\t<div class='gallery-icon landscape'>\n\t\t\t\t<a href='https:\/\/archive.sana.sy\/es\/wp-content\/uploads\/2020\/12\/3-8.jpg'><img loading=\"lazy\" decoding=\"async\" width=\"660\" height=\"371\" src=\"https:\/\/archive.sana.sy\/es\/wp-content\/uploads\/2020\/12\/3-8.jpg\" class=\"attachment-full size-full\" alt=\"\" srcset=\"https:\/\/archive.sana.sy\/es\/wp-content\/uploads\/2020\/12\/3-8.jpg 660w, https:\/\/archive.sana.sy\/es\/wp-content\/uploads\/2020\/12\/3-8-300x169.jpg 300w, https:\/\/archive.sana.sy\/es\/wp-content\/uploads\/2020\/12\/3-8-150x84.jpg 150w\" sizes=\"(max-width: 660px) 100vw, 660px\" \/><\/a>\n\t\t\t<\/div><\/figure>\n\t\t<\/div>\n\n","protected":false},"excerpt":{"rendered":"<p>Hasakeh, SANA Miles de personas protestaron hoy en la ciudad de Hasakeh, cabecera de la provincia hom\u00f3nima, contra los cr\u00edmenes del ocupante turco, en particular el corte de agua potable a un mill\u00f3n de civiles. Los manifestantes condenaron en\u00e9rgicamente el silencio de la comunidad internacional ante el crimen de cortar el agua potable a un &hellip;<\/p>\n","protected":false},"author":32,"featured_media":163253,"comment_status":"closed","ping_status":"closed","sticky":false,"template":"","format":"standard","meta":{"footnotes":""},"categories":[447,597,476,583],"tags":[],"class_list":["post-163252","post","type-post","status-publish","format-standard","has-post-thumbnail","","category-local-politica","category-cinta-de-noticias","category-locales","category-slide"],"_links":{"self":[{"href":"https:\/\/archive.sana.sy\/es\/index.php?rest_route=\/wp\/v2\/posts\/163252"}],"collection":[{"href":"https:\/\/archive.sana.sy\/es\/index.php?rest_route=\/wp\/v2\/posts"}],"about":[{"href":"https:\/\/archive.sana.sy\/es\/index.php?rest_route=\/wp\/v2\/types\/post"}],"author":[{"embeddable":true,"href":"https:\/\/archive.sana.sy\/es\/index.php?rest_route=\/wp\/v2\/users\/32"}],"replies":[{"embeddable":true,"href":"https:\/\/archive.sana.sy\/es\/index.php?rest_route=%2Fwp%2Fv2%2Fcomments&post=163252"}],"version-history":[{"count":0,"href":"https:\/\/archive.sana.sy\/es\/index.php?rest_route=\/wp\/v2\/posts\/163252\/revisions"}],"wp:featuredmedia":[{"embeddable":true,"href":"https:\/\/archive.sana.sy\/es\/index.php?rest_route=\/wp\/v2\/media\/163253"}],"wp:attachment":[{"href":"https:\/\/archive.sana.sy\/es\/index.php?rest_route=%2Fwp%2Fv2%2Fmedia&parent=163252"}],"wp:term":[{"taxonomy":"category","embeddable":true,"href":"https:\/\/archive.sana.sy\/es\/index.php?rest_route=%2Fwp%2Fv2%2Fcategories&post=163252"},{"taxonomy":"post_tag","embeddable":true,"href":"https:\/\/archive.sana.sy\/es\/index.php?rest_route=%2Fwp%2Fv2%2Ftags&post=163252"}],"curies":[{"name":"wp","href":"https:\/\/api.w.org\/{rel}","templated":true}]}}