{"id":163284,"date":"2020-12-17T11:44:13","date_gmt":"2020-12-17T09:44:13","guid":{"rendered":"http:\/\/107.6.182.27\/es\/?p=163284"},"modified":"2020-12-17T15:48:51","modified_gmt":"2020-12-17T13:48:51","slug":"continua-secuestro-de-jovenes-por-la-milicia-proestadounidense-fds","status":"publish","type":"post","link":"https:\/\/archive.sana.sy\/es\/?p=163284","title":{"rendered":"Contin\u00faa secuestro de j\u00f3venes por la milicia proestadounidense FDS"},"content":{"rendered":"<p style=\"text-align: justify;\"><span style=\"color: #800000;\"><strong>Hasakeh, SANA<\/strong><\/span><\/p>\n<p style=\"text-align: justify;\">La llamada milicia Fuerzas Democr\u00e1ticas de Siria (FDS), apoyada por las fuerzas de ocupaci\u00f3n estadounidenses, secuestr\u00f3 a varios j\u00f3venes en la provincia de Hasakeh.<\/p>\n<p style=\"text-align: justify;\">Fuentes locales informaron a SANA que armados de la referida milicia establecieron puntos de control en las localidades de la provincias de Hasakeh y Deir Ezzor y secuestraron a varios j\u00f3venes y los llevaron a punta de pistola a los campos de entrenamiento para obligarlos a combatir en sus filas.<\/p>\n<p>Un estado de indignaci\u00f3n popular prevalece debido a las pr\u00e1cticas criminales de esa milicia y su saqueo al crudo sirio con apoyo de las fuerzas de ocupaci\u00f3n estadounidenses.<\/p>\n<p style=\"text-align: justify;\"><strong><span style=\"color: #0000ff;\">ed\/fm<\/span><\/strong><\/p>\n","protected":false},"excerpt":{"rendered":"<p>Hasakeh, SANA La llamada milicia Fuerzas Democr\u00e1ticas de Siria (FDS), apoyada por las fuerzas de ocupaci\u00f3n estadounidenses, secuestr\u00f3 a varios j\u00f3venes en la provincia de Hasakeh. Fuentes locales informaron a SANA que armados de la referida milicia establecieron puntos de control en las localidades de la provincias de Hasakeh y Deir Ezzor y secuestraron a &hellip;<\/p>\n","protected":false},"author":32,"featured_media":163285,"comment_status":"closed","ping_status":"closed","sticky":false,"template":"","format":"standard","meta":{"footnotes":""},"categories":[447,597,476,7541],"tags":[],"class_list":["post-163284","post","type-post","status-publish","format-standard","has-post-thumbnail","","category-local-politica","category-cinta-de-noticias","category-locales","category-ultimas-noticias"],"_links":{"self":[{"href":"https:\/\/archive.sana.sy\/es\/index.php?rest_route=\/wp\/v2\/posts\/163284"}],"collection":[{"href":"https:\/\/archive.sana.sy\/es\/index.php?rest_route=\/wp\/v2\/posts"}],"about":[{"href":"https:\/\/archive.sana.sy\/es\/index.php?rest_route=\/wp\/v2\/types\/post"}],"author":[{"embeddable":true,"href":"https:\/\/archive.sana.sy\/es\/index.php?rest_route=\/wp\/v2\/users\/32"}],"replies":[{"embeddable":true,"href":"https:\/\/archive.sana.sy\/es\/index.php?rest_route=%2Fwp%2Fv2%2Fcomments&post=163284"}],"version-history":[{"count":0,"href":"https:\/\/archive.sana.sy\/es\/index.php?rest_route=\/wp\/v2\/posts\/163284\/revisions"}],"wp:featuredmedia":[{"embeddable":true,"href":"https:\/\/archive.sana.sy\/es\/index.php?rest_route=\/wp\/v2\/media\/163285"}],"wp:attachment":[{"href":"https:\/\/archive.sana.sy\/es\/index.php?rest_route=%2Fwp%2Fv2%2Fmedia&parent=163284"}],"wp:term":[{"taxonomy":"category","embeddable":true,"href":"https:\/\/archive.sana.sy\/es\/index.php?rest_route=%2Fwp%2Fv2%2Fcategories&post=163284"},{"taxonomy":"post_tag","embeddable":true,"href":"https:\/\/archive.sana.sy\/es\/index.php?rest_route=%2Fwp%2Fv2%2Ftags&post=163284"}],"curies":[{"name":"wp","href":"https:\/\/api.w.org\/{rel}","templated":true}]}}