{"id":163730,"date":"2020-12-21T16:31:10","date_gmt":"2020-12-21T14:31:10","guid":{"rendered":"http:\/\/107.6.182.27\/es\/?p=163730"},"modified":"2020-12-21T16:31:10","modified_gmt":"2020-12-21T14:31:10","slug":"damasco-la-declaracion-del-ministerio-de-exteriores-aleman-sobre-el-recibimiento-del-jefe-de-la-organizacion-de-los-terroristas-cascos-blancos-confirma-nuevamente-la-implicacion-del-gobierno-aleman-e","status":"publish","type":"post","link":"https:\/\/archive.sana.sy\/es\/?p=163730","title":{"rendered":"Damasco: La declaraci\u00f3n del Ministerio de Exteriores alem\u00e1n sobre el recibimiento del jefe de la organizaci\u00f3n de los terroristas Cascos Blancos confirma nuevamente la implicaci\u00f3n del gobierno alem\u00e1n en la agresi\u00f3n contra Siria y la provisi\u00f3n de apoyo a organizaciones terroristas y grupos afiliados a las mismas."},"content":{"rendered":"","protected":false},"excerpt":{"rendered":"","protected":false},"author":32,"featured_media":0,"comment_status":"closed","ping_status":"closed","sticky":false,"template":"","format":"standard","meta":{"footnotes":""},"categories":[596],"tags":[],"class_list":["post-163730","post","type-post","status-publish","format-standard","","category-urgente"],"_links":{"self":[{"href":"https:\/\/archive.sana.sy\/es\/index.php?rest_route=\/wp\/v2\/posts\/163730"}],"collection":[{"href":"https:\/\/archive.sana.sy\/es\/index.php?rest_route=\/wp\/v2\/posts"}],"about":[{"href":"https:\/\/archive.sana.sy\/es\/index.php?rest_route=\/wp\/v2\/types\/post"}],"author":[{"embeddable":true,"href":"https:\/\/archive.sana.sy\/es\/index.php?rest_route=\/wp\/v2\/users\/32"}],"replies":[{"embeddable":true,"href":"https:\/\/archive.sana.sy\/es\/index.php?rest_route=%2Fwp%2Fv2%2Fcomments&post=163730"}],"version-history":[{"count":0,"href":"https:\/\/archive.sana.sy\/es\/index.php?rest_route=\/wp\/v2\/posts\/163730\/revisions"}],"wp:attachment":[{"href":"https:\/\/archive.sana.sy\/es\/index.php?rest_route=%2Fwp%2Fv2%2Fmedia&parent=163730"}],"wp:term":[{"taxonomy":"category","embeddable":true,"href":"https:\/\/archive.sana.sy\/es\/index.php?rest_route=%2Fwp%2Fv2%2Fcategories&post=163730"},{"taxonomy":"post_tag","embeddable":true,"href":"https:\/\/archive.sana.sy\/es\/index.php?rest_route=%2Fwp%2Fv2%2Ftags&post=163730"}],"curies":[{"name":"wp","href":"https:\/\/api.w.org\/{rel}","templated":true}]}}