{"id":163734,"date":"2020-12-21T16:40:01","date_gmt":"2020-12-21T14:40:01","guid":{"rendered":"http:\/\/107.6.182.27\/es\/?p=163734"},"modified":"2020-12-21T17:08:49","modified_gmt":"2020-12-21T15:08:49","slug":"damasco-el-sufrimiento-de-los-sirios-es-el-resultado-directo-del-terrorismo-respaldado-por-washington-y-sus-sanciones","status":"publish","type":"post","link":"https:\/\/archive.sana.sy\/es\/?p=163734","title":{"rendered":"Damasco: el sufrimiento de los sirios es el resultado directo del terrorismo respaldado por Washington y sus sanciones"},"content":{"rendered":"<p style=\"text-align: justify;\"><span style=\"color: #800000;\"><strong>Damasco, SANA<\/strong><\/span><\/p>\n<p style=\"text-align: justify;\">El Ministerio de Exteriores y Expatriados de Siria denunci\u00f3 hoy la continuaci\u00f3n de la imposici\u00f3n de sanciones por parte de EE.UU en su contra.<\/p>\n<p style=\"text-align: justify;\">\u201cLa declaraci\u00f3n del Departamento de Estado de EE.UU sobre la continuaci\u00f3n de la imposici\u00f3n de sanciones a Siria muestra un estado de total desconexi\u00f3n de la realidad por parte de la administraci\u00f3n estadounidense y su uso de un lenguaje que contradice los hechos y que se ha convertido en una marca registrada del estado de hostilidad estadounidense hacia Siria\u201d, afirm\u00f3 Canciller\u00eda siria en un comunicado.<\/p>\n<p style=\"text-align: justify;\">Agreg\u00f3 que el sufrimiento que viven los sirios es el resultado directo del terrorismo respaldado por Estados Unidos y las injustas medidas coercitivas que afectan a los ciudadanos en su vida y subsistencia.<\/p>\n<p style=\"text-align: justify;\">El comunicado asegur\u00f3 que esas medidas coercitivas constituyen una grave violaci\u00f3n de los principios del derecho internacional y de la carta de los derechos humanos, y alcanzan el nivel de cr\u00edmenes de guerra y genocidio.<\/p>\n<p style=\"text-align: justify;\">\u201cLos funcionarios de la administraci\u00f3n estadounidense deben rendir cuentas por esos cr\u00edmenes\u201d, agreg\u00f3 Canciller\u00eda.<\/p>\n<p style=\"text-align: justify;\">Concluy\u00f3 que la administraci\u00f3n estadounidense debe finalmente darse cuenta que la agresi\u00f3n contra Siria est\u00e1 en camino al fracaso inevitable frente a la firmeza de los sirios.<\/p>\n<p style=\"text-align: justify;\"><strong><span style=\"color: #0000ff;\">fm\/ed<\/span><\/strong><\/p>\n","protected":false},"excerpt":{"rendered":"<p>Damasco, SANA El Ministerio de Exteriores y Expatriados de Siria denunci\u00f3 hoy la continuaci\u00f3n de la imposici\u00f3n de sanciones por parte de EE.UU en su contra. \u201cLa declaraci\u00f3n del Departamento de Estado de EE.UU sobre la continuaci\u00f3n de la imposici\u00f3n de sanciones a Siria muestra un estado de total desconexi\u00f3n de la realidad por parte &hellip;<\/p>\n","protected":false},"author":32,"featured_media":143186,"comment_status":"closed","ping_status":"closed","sticky":false,"template":"","format":"standard","meta":{"footnotes":""},"categories":[477,597,476,583],"tags":[],"class_list":["post-163734","post","type-post","status-publish","format-standard","has-post-thumbnail","","category-noticias-edulcorantes","category-cinta-de-noticias","category-locales","category-slide"],"_links":{"self":[{"href":"https:\/\/archive.sana.sy\/es\/index.php?rest_route=\/wp\/v2\/posts\/163734"}],"collection":[{"href":"https:\/\/archive.sana.sy\/es\/index.php?rest_route=\/wp\/v2\/posts"}],"about":[{"href":"https:\/\/archive.sana.sy\/es\/index.php?rest_route=\/wp\/v2\/types\/post"}],"author":[{"embeddable":true,"href":"https:\/\/archive.sana.sy\/es\/index.php?rest_route=\/wp\/v2\/users\/32"}],"replies":[{"embeddable":true,"href":"https:\/\/archive.sana.sy\/es\/index.php?rest_route=%2Fwp%2Fv2%2Fcomments&post=163734"}],"version-history":[{"count":0,"href":"https:\/\/archive.sana.sy\/es\/index.php?rest_route=\/wp\/v2\/posts\/163734\/revisions"}],"wp:featuredmedia":[{"embeddable":true,"href":"https:\/\/archive.sana.sy\/es\/index.php?rest_route=\/wp\/v2\/media\/143186"}],"wp:attachment":[{"href":"https:\/\/archive.sana.sy\/es\/index.php?rest_route=%2Fwp%2Fv2%2Fmedia&parent=163734"}],"wp:term":[{"taxonomy":"category","embeddable":true,"href":"https:\/\/archive.sana.sy\/es\/index.php?rest_route=%2Fwp%2Fv2%2Fcategories&post=163734"},{"taxonomy":"post_tag","embeddable":true,"href":"https:\/\/archive.sana.sy\/es\/index.php?rest_route=%2Fwp%2Fv2%2Ftags&post=163734"}],"curies":[{"name":"wp","href":"https:\/\/api.w.org\/{rel}","templated":true}]}}