{"id":163736,"date":"2020-12-21T16:00:34","date_gmt":"2020-12-21T14:00:34","guid":{"rendered":"http:\/\/107.6.182.27\/es\/?p=163736"},"modified":"2020-12-21T17:06:09","modified_gmt":"2020-12-21T15:06:09","slug":"siria-denuncia-proteccion-de-alemania-a-los-terroristas-cascos-blancos","status":"publish","type":"post","link":"https:\/\/archive.sana.sy\/es\/?p=163736","title":{"rendered":"Siria denuncia protecci\u00f3n de Alemania a terroristas de los llamados \u201cCascos Blancos\u201d"},"content":{"rendered":"<p style=\"text-align: justify;\"><span style=\"color: #800000;\"><strong>Damasco, SANA<\/strong><\/span><\/p>\n<p style=\"text-align: justify;\">Siria conden\u00f3 hoy el recibimiento del gobierno alem\u00e1n al jefe de los llamados \u201cCascos Blancos\u201d y afirm\u00f3 que la \u201cprotecci\u00f3n de los terroristas constituye una flagrante violaci\u00f3n de las resoluciones del Consejo de Seguridad\u201d.<\/p>\n<p style=\"text-align: justify;\">\u201cLa declaraci\u00f3n del Ministerio de Exteriores alem\u00e1n sobre el recibimiento del jefe de la organizaci\u00f3n terrorista Cascos Blancos, a pesar de la oposici\u00f3n del Ministerio del Interior alem\u00e1n debido a la asociaci\u00f3n de esa persona con extremistas, confirma nuevamente la implicaci\u00f3n del gobierno alem\u00e1n en la agresi\u00f3n contra Siria y EN la provisi\u00f3n de apoyo a organizaciones terroristas y grupos afiliados a las mismas\u201d, afirm\u00f3 canciller\u00eda siria en una declaraci\u00f3n.<\/p>\n<p style=\"text-align: justify;\">Denunci\u00f3 que \u201cla tergiversaci\u00f3n de los hechos y de las percepciones, y las campa\u00f1as de desinformaci\u00f3n se han convertido en sin\u00f3nimos b\u00e1sicos de la traicionera guerra contra Siria\u201d.<\/p>\n<p style=\"text-align: justify;\">\u201cSiria condena en\u00e9rgicamente las declaraciones enga\u00f1osas emitidas por el Ministerio de Exteriores de Alemania y sus representantes en las organizaciones internacionales\u201d.<\/p>\n<p style=\"text-align: justify;\">Alert\u00f3 que garantizar protecci\u00f3n a los terroristas constituye una flagrante violaci\u00f3n de las resoluciones del Consejo de Seguridad relacionadas con la lucha contra el terrorismo y representa una amenaza para la paz y la seguridad en el mundo.<\/p>\n<p style=\"text-align: justify;\">\u201cEl gobierno alem\u00e1n deber\u00eda detener los intentos de justificar sus pol\u00edticas en materia de terrorismo y dejar de enga\u00f1ar a la opini\u00f3n p\u00fablica alemana, que ha sufrido el terrorismo y el extremismo en m\u00e1s de una ciudad alemana\u201d concluy\u00f3 Canciller\u00eda su comunicado.<\/p>\n<p style=\"text-align: justify;\"><strong><span style=\"color: #0000ff;\">fm\/ed<\/span><\/strong><\/p>\n","protected":false},"excerpt":{"rendered":"<p>Damasco, SANA Siria conden\u00f3 hoy el recibimiento del gobierno alem\u00e1n al jefe de los llamados \u201cCascos Blancos\u201d y afirm\u00f3 que la \u201cprotecci\u00f3n de los terroristas constituye una flagrante violaci\u00f3n de las resoluciones del Consejo de Seguridad\u201d. \u201cLa declaraci\u00f3n del Ministerio de Exteriores alem\u00e1n sobre el recibimiento del jefe de la organizaci\u00f3n terrorista Cascos Blancos, a &hellip;<\/p>\n","protected":false},"author":32,"featured_media":163737,"comment_status":"closed","ping_status":"closed","sticky":false,"template":"","format":"standard","meta":{"footnotes":""},"categories":[477,597,476,7541],"tags":[],"class_list":["post-163736","post","type-post","status-publish","format-standard","has-post-thumbnail","","category-noticias-edulcorantes","category-cinta-de-noticias","category-locales","category-ultimas-noticias"],"_links":{"self":[{"href":"https:\/\/archive.sana.sy\/es\/index.php?rest_route=\/wp\/v2\/posts\/163736"}],"collection":[{"href":"https:\/\/archive.sana.sy\/es\/index.php?rest_route=\/wp\/v2\/posts"}],"about":[{"href":"https:\/\/archive.sana.sy\/es\/index.php?rest_route=\/wp\/v2\/types\/post"}],"author":[{"embeddable":true,"href":"https:\/\/archive.sana.sy\/es\/index.php?rest_route=\/wp\/v2\/users\/32"}],"replies":[{"embeddable":true,"href":"https:\/\/archive.sana.sy\/es\/index.php?rest_route=%2Fwp%2Fv2%2Fcomments&post=163736"}],"version-history":[{"count":0,"href":"https:\/\/archive.sana.sy\/es\/index.php?rest_route=\/wp\/v2\/posts\/163736\/revisions"}],"wp:featuredmedia":[{"embeddable":true,"href":"https:\/\/archive.sana.sy\/es\/index.php?rest_route=\/wp\/v2\/media\/163737"}],"wp:attachment":[{"href":"https:\/\/archive.sana.sy\/es\/index.php?rest_route=%2Fwp%2Fv2%2Fmedia&parent=163736"}],"wp:term":[{"taxonomy":"category","embeddable":true,"href":"https:\/\/archive.sana.sy\/es\/index.php?rest_route=%2Fwp%2Fv2%2Fcategories&post=163736"},{"taxonomy":"post_tag","embeddable":true,"href":"https:\/\/archive.sana.sy\/es\/index.php?rest_route=%2Fwp%2Fv2%2Ftags&post=163736"}],"curies":[{"name":"wp","href":"https:\/\/api.w.org\/{rel}","templated":true}]}}