{"id":163947,"date":"2020-12-22T23:02:21","date_gmt":"2020-12-22T21:02:21","guid":{"rendered":"http:\/\/107.6.182.27\/es\/?p=163947"},"modified":"2020-12-22T23:02:21","modified_gmt":"2020-12-22T21:02:21","slug":"registran-124-nuevos-casos-de-covid-19-en-siria","status":"publish","type":"post","link":"https:\/\/archive.sana.sy\/es\/?p=163947","title":{"rendered":"Registran 124 nuevos casos de Covid-19 en Siria"},"content":{"rendered":"<p><span style=\"color: #800000;\">Damasco, SANA<\/span><\/p>\n<p style=\"text-align: justify;\">La cifra de infectados por Covid-19 en Siria ascendi\u00f3 a diez mil 442 tras reportar 124 casos nuevos, inform\u00f3 el Ministerio de Salud en un comunicado.<\/p>\n<p style=\"text-align: justify;\">Agreg\u00f3 que esta enfermedad cobr\u00f3 la vida de 9 personas en las \u00faltimas 24 horas, lo que eleva a 630 el n\u00famero de fallecidos a nivel nacional.<\/p>\n<p style=\"text-align: justify;\">Seg\u00fan el comunicado, los recuperados sumaron cuatro mil 885 tras dar de alta m\u00e9dica a 50 infectados que dieron negativo al virus.<\/p>\n<p><em>mm<\/em><\/p>\n","protected":false},"excerpt":{"rendered":"<p>Damasco, SANA La cifra de infectados por Covid-19 en Siria ascendi\u00f3 a diez mil 442 tras reportar 124 casos nuevos, inform\u00f3 el Ministerio de Salud en un comunicado. Agreg\u00f3 que esta enfermedad cobr\u00f3 la vida de 9 personas en las \u00faltimas 24 horas, lo que eleva a 630 el n\u00famero de fallecidos a nivel nacional. &hellip;<\/p>\n","protected":false},"author":36,"featured_media":163948,"comment_status":"closed","ping_status":"closed","sticky":false,"template":"","format":"standard","meta":{"footnotes":""},"categories":[597,476],"tags":[],"class_list":["post-163947","post","type-post","status-publish","format-standard","has-post-thumbnail","","category-cinta-de-noticias","category-locales"],"_links":{"self":[{"href":"https:\/\/archive.sana.sy\/es\/index.php?rest_route=\/wp\/v2\/posts\/163947"}],"collection":[{"href":"https:\/\/archive.sana.sy\/es\/index.php?rest_route=\/wp\/v2\/posts"}],"about":[{"href":"https:\/\/archive.sana.sy\/es\/index.php?rest_route=\/wp\/v2\/types\/post"}],"author":[{"embeddable":true,"href":"https:\/\/archive.sana.sy\/es\/index.php?rest_route=\/wp\/v2\/users\/36"}],"replies":[{"embeddable":true,"href":"https:\/\/archive.sana.sy\/es\/index.php?rest_route=%2Fwp%2Fv2%2Fcomments&post=163947"}],"version-history":[{"count":0,"href":"https:\/\/archive.sana.sy\/es\/index.php?rest_route=\/wp\/v2\/posts\/163947\/revisions"}],"wp:featuredmedia":[{"embeddable":true,"href":"https:\/\/archive.sana.sy\/es\/index.php?rest_route=\/wp\/v2\/media\/163948"}],"wp:attachment":[{"href":"https:\/\/archive.sana.sy\/es\/index.php?rest_route=%2Fwp%2Fv2%2Fmedia&parent=163947"}],"wp:term":[{"taxonomy":"category","embeddable":true,"href":"https:\/\/archive.sana.sy\/es\/index.php?rest_route=%2Fwp%2Fv2%2Fcategories&post=163947"},{"taxonomy":"post_tag","embeddable":true,"href":"https:\/\/archive.sana.sy\/es\/index.php?rest_route=%2Fwp%2Fv2%2Ftags&post=163947"}],"curies":[{"name":"wp","href":"https:\/\/api.w.org\/{rel}","templated":true}]}}