{"id":164274,"date":"2020-12-25T17:36:23","date_gmt":"2020-12-25T15:36:23","guid":{"rendered":"http:\/\/107.6.182.27\/es\/?p=164274"},"modified":"2020-12-25T20:36:12","modified_gmt":"2020-12-25T18:36:12","slug":"siria-consejo-de-seguridad-debe-asumir-la-responsabilidad-de-impedir-agresiones-terroristas-israelies","status":"publish","type":"post","link":"https:\/\/archive.sana.sy\/es\/?p=164274","title":{"rendered":"Siria: Consejo de Seguridad debe asumir la responsabilidad de impedir agresiones terroristas israel\u00edes"},"content":{"rendered":"<p><span style=\"color: #800000;\">Damasco, SANA<\/span><\/p>\n<p style=\"text-align: justify;\">El Ministerio de Exteriores y Expatriados afirm\u00f3, en una carta dirigida al Secretario General de las Naciones Unidas y al presidente del Consejo de Seguridad, que el apoyo ilimitado y continuo, la luz verde dada por la administraci\u00f3n estadounidense y la inmunidad que ofrecen algunos miembros en el Consejo de Seguridad alienta a Israel a continuar con su enfoque agresivo.<\/p>\n<p style=\"text-align: justify;\">Destac\u00f3 que la continuaci\u00f3n de los ataques contra Siria es inaceptable y no pasar\u00e1 sin consecuencias.<\/p>\n<p style=\"text-align: justify;\">La carta explic\u00f3 que a las 12:45 am del viernes, 25 de diciembre de 2020, el enemigo israel\u00ed cometi\u00f3 un ataque contra los territorios de la Rep\u00fablica \u00c1rabe Siria, precisamente en el municipio de Messiaf, en el oeste de la provincia central siria de Hama.<\/p>\n<p style=\"text-align: justify;\">\u201cEsta nueva agresi\u00f3n israel\u00ed se perpetr\u00f3 en v\u00edsperas de la Navidad, fecha del nacimiento de Jes\u00fas, s\u00edmbolo de amor y paz, y tal acci\u00f3n hostil demuestra una vez m\u00e1s la diligencia de las autoridades de ocupaci\u00f3n israel\u00edes en la pr\u00e1ctica del terrorismo de Estado tras el fracaso de sus anteriores agresiones y conspiraciones que buscaban prolongar la crisis en Siria mediante su apoyo y respaldo a los grupos terroristas\u201d, concluy\u00f3.<\/p>\n<p style=\"text-align: justify;\">Cabe se\u00f1alar que las defensas antia\u00e9reas del ej\u00e9rcito sirio se activaron este viernes contra una agresi\u00f3n a\u00e9rea israel\u00ed en el cielo del municipio de Messiaf, en el oeste de la provincia central siria de Hama.<\/p>\n<p><em>mm\/fm<\/em><\/p>\n","protected":false},"excerpt":{"rendered":"<p>Damasco, SANA El Ministerio de Exteriores y Expatriados afirm\u00f3, en una carta dirigida al Secretario General de las Naciones Unidas y al presidente del Consejo de Seguridad, que el apoyo ilimitado y continuo, la luz verde dada por la administraci\u00f3n estadounidense y la inmunidad que ofrecen algunos miembros en el Consejo de Seguridad alienta a &hellip;<\/p>\n","protected":false},"author":36,"featured_media":164275,"comment_status":"closed","ping_status":"closed","sticky":false,"template":"","format":"standard","meta":{"footnotes":""},"categories":[597,467,7541],"tags":[],"class_list":["post-164274","post","type-post","status-publish","format-standard","has-post-thumbnail","","category-cinta-de-noticias","category-siria-y-el-mundo","category-ultimas-noticias"],"_links":{"self":[{"href":"https:\/\/archive.sana.sy\/es\/index.php?rest_route=\/wp\/v2\/posts\/164274"}],"collection":[{"href":"https:\/\/archive.sana.sy\/es\/index.php?rest_route=\/wp\/v2\/posts"}],"about":[{"href":"https:\/\/archive.sana.sy\/es\/index.php?rest_route=\/wp\/v2\/types\/post"}],"author":[{"embeddable":true,"href":"https:\/\/archive.sana.sy\/es\/index.php?rest_route=\/wp\/v2\/users\/36"}],"replies":[{"embeddable":true,"href":"https:\/\/archive.sana.sy\/es\/index.php?rest_route=%2Fwp%2Fv2%2Fcomments&post=164274"}],"version-history":[{"count":0,"href":"https:\/\/archive.sana.sy\/es\/index.php?rest_route=\/wp\/v2\/posts\/164274\/revisions"}],"wp:featuredmedia":[{"embeddable":true,"href":"https:\/\/archive.sana.sy\/es\/index.php?rest_route=\/wp\/v2\/media\/164275"}],"wp:attachment":[{"href":"https:\/\/archive.sana.sy\/es\/index.php?rest_route=%2Fwp%2Fv2%2Fmedia&parent=164274"}],"wp:term":[{"taxonomy":"category","embeddable":true,"href":"https:\/\/archive.sana.sy\/es\/index.php?rest_route=%2Fwp%2Fv2%2Fcategories&post=164274"},{"taxonomy":"post_tag","embeddable":true,"href":"https:\/\/archive.sana.sy\/es\/index.php?rest_route=%2Fwp%2Fv2%2Ftags&post=164274"}],"curies":[{"name":"wp","href":"https:\/\/api.w.org\/{rel}","templated":true}]}}