{"id":164284,"date":"2020-12-25T18:58:47","date_gmt":"2020-12-25T16:58:47","guid":{"rendered":"http:\/\/107.6.182.27\/es\/?p=164284"},"modified":"2023-01-12T14:42:22","modified_gmt":"2023-01-12T12:42:22","slug":"decenas-de-palestinos-resultan-heridos-y-asfixiados-por-represion-israeli-en-kafr-qaddoum-2","status":"publish","type":"post","link":"https:\/\/archive.sana.sy\/es\/?p=164284","title":{"rendered":"Decenas de palestinos resultan heridos y asfixiados por represi\u00f3n israel\u00ed en Kafr Qaddoum"},"content":{"rendered":"<p><span style=\"color: #800000;\">Jerusal\u00e9n Ocupada, SANA<\/span><\/p>\n<p style=\"text-align: justify;\">Este viernes, varios palestinos resultaron lesionados y asfixiados este viernes tras la supresi\u00f3n de las fuerzas de ocupaci\u00f3n israel\u00ed de una manifestaci\u00f3n en el pueblo de Kafr Qaddoum, seg\u00fan declar\u00f3 la agencia palestina de prensa (MAAN).<\/p>\n<p style=\"text-align: justify;\">\u201cLas fuerzas del ocupante sionista abrieron fuego y lanzaron bombas de gas t\u00f3xico contra los manifestantes, lo que dej\u00f3 a 2 heridos y decenas de asfixiados\u201d, detall\u00f3 la fuente.<\/p>\n<p style=\"text-align: justify;\">Cabe destacar que, tal acto de protesta se organiza semanalmente en Kafr Qaddoum en contra de la construcci\u00f3n de asentamientos por la ocupaci\u00f3n israel\u00ed, y para reclamar la apertura de la calle del pueblo, que lleva 17 a\u00f1os cerrada.<\/p>\n<p><em>mm<\/em><\/p>\n","protected":false},"excerpt":{"rendered":"<p>Jerusal\u00e9n Ocupada, SANA Este viernes, varios palestinos resultaron lesionados y asfixiados este viernes tras la supresi\u00f3n de las fuerzas de ocupaci\u00f3n israel\u00ed de una manifestaci\u00f3n en el pueblo de Kafr Qaddoum, seg\u00fan declar\u00f3 la agencia palestina de prensa (MAAN). \u201cLas fuerzas del ocupante sionista abrieron fuego y lanzaron bombas de gas t\u00f3xico contra los manifestantes, &hellip;<\/p>\n","protected":false},"author":36,"featured_media":164285,"comment_status":"closed","ping_status":"closed","sticky":false,"template":"","format":"standard","meta":{"footnotes":""},"categories":[597,456,457],"tags":[],"class_list":["post-164284","post","type-post","status-publish","format-standard","has-post-thumbnail","","category-cinta-de-noticias","category-arabe-internacional-politica","category-noticias-arabe-internacional-politica"],"_links":{"self":[{"href":"https:\/\/archive.sana.sy\/es\/index.php?rest_route=\/wp\/v2\/posts\/164284"}],"collection":[{"href":"https:\/\/archive.sana.sy\/es\/index.php?rest_route=\/wp\/v2\/posts"}],"about":[{"href":"https:\/\/archive.sana.sy\/es\/index.php?rest_route=\/wp\/v2\/types\/post"}],"author":[{"embeddable":true,"href":"https:\/\/archive.sana.sy\/es\/index.php?rest_route=\/wp\/v2\/users\/36"}],"replies":[{"embeddable":true,"href":"https:\/\/archive.sana.sy\/es\/index.php?rest_route=%2Fwp%2Fv2%2Fcomments&post=164284"}],"version-history":[{"count":0,"href":"https:\/\/archive.sana.sy\/es\/index.php?rest_route=\/wp\/v2\/posts\/164284\/revisions"}],"wp:featuredmedia":[{"embeddable":true,"href":"https:\/\/archive.sana.sy\/es\/index.php?rest_route=\/wp\/v2\/media\/164285"}],"wp:attachment":[{"href":"https:\/\/archive.sana.sy\/es\/index.php?rest_route=%2Fwp%2Fv2%2Fmedia&parent=164284"}],"wp:term":[{"taxonomy":"category","embeddable":true,"href":"https:\/\/archive.sana.sy\/es\/index.php?rest_route=%2Fwp%2Fv2%2Fcategories&post=164284"},{"taxonomy":"post_tag","embeddable":true,"href":"https:\/\/archive.sana.sy\/es\/index.php?rest_route=%2Fwp%2Fv2%2Ftags&post=164284"}],"curies":[{"name":"wp","href":"https:\/\/api.w.org\/{rel}","templated":true}]}}