{"id":164308,"date":"2020-12-25T17:35:53","date_gmt":"2020-12-25T15:35:53","guid":{"rendered":"http:\/\/107.6.182.27\/es\/?p=164308"},"modified":"2020-12-25T23:22:21","modified_gmt":"2020-12-25T21:22:21","slug":"registran-120-nuevos-casos-de-covid-19-en-siria","status":"publish","type":"post","link":"https:\/\/archive.sana.sy\/es\/?p=164308","title":{"rendered":"Registran 120 nuevos casos de Covid-19 en Siria"},"content":{"rendered":"<p><span style=\"color: #800000;\">Damasco, SANA <\/span><\/p>\n<p style=\"text-align: justify;\">La cifra de infectados por Covid-19 en Siria ascendi\u00f3 a diez mil 821 tras reportar 120 casos nuevos, inform\u00f3 el Ministerio de Salud en un comunicado.<\/p>\n<p style=\"text-align: justify;\">Agreg\u00f3 que esta enfermedad cobr\u00f3 la vida de ocho personas en las \u00faltimas 24 horas, lo que eleva a 660 el n\u00famero de fallecidos a nivel nacional.<\/p>\n<p style=\"text-align: justify;\">Seg\u00fan el comunicado, los recuperados sumaron cinco mil 48 tras dar de alta m\u00e9dica a 51 infectados que dieron negativo al virus.<\/p>\n<p><span style=\"color: #0000ff;\">fm\/rr<\/span><\/p>\n","protected":false},"excerpt":{"rendered":"<p>Damasco, SANA La cifra de infectados por Covid-19 en Siria ascendi\u00f3 a diez mil 821 tras reportar 120 casos nuevos, inform\u00f3 el Ministerio de Salud en un comunicado. Agreg\u00f3 que esta enfermedad cobr\u00f3 la vida de ocho personas en las \u00faltimas 24 horas, lo que eleva a 660 el n\u00famero de fallecidos a nivel nacional. &hellip;<\/p>\n","protected":false},"author":31,"featured_media":164311,"comment_status":"closed","ping_status":"closed","sticky":false,"template":"","format":"standard","meta":{"footnotes":""},"categories":[597,476,7541],"tags":[],"class_list":["post-164308","post","type-post","status-publish","format-standard","has-post-thumbnail","","category-cinta-de-noticias","category-locales","category-ultimas-noticias"],"_links":{"self":[{"href":"https:\/\/archive.sana.sy\/es\/index.php?rest_route=\/wp\/v2\/posts\/164308"}],"collection":[{"href":"https:\/\/archive.sana.sy\/es\/index.php?rest_route=\/wp\/v2\/posts"}],"about":[{"href":"https:\/\/archive.sana.sy\/es\/index.php?rest_route=\/wp\/v2\/types\/post"}],"author":[{"embeddable":true,"href":"https:\/\/archive.sana.sy\/es\/index.php?rest_route=\/wp\/v2\/users\/31"}],"replies":[{"embeddable":true,"href":"https:\/\/archive.sana.sy\/es\/index.php?rest_route=%2Fwp%2Fv2%2Fcomments&post=164308"}],"version-history":[{"count":0,"href":"https:\/\/archive.sana.sy\/es\/index.php?rest_route=\/wp\/v2\/posts\/164308\/revisions"}],"wp:featuredmedia":[{"embeddable":true,"href":"https:\/\/archive.sana.sy\/es\/index.php?rest_route=\/wp\/v2\/media\/164311"}],"wp:attachment":[{"href":"https:\/\/archive.sana.sy\/es\/index.php?rest_route=%2Fwp%2Fv2%2Fmedia&parent=164308"}],"wp:term":[{"taxonomy":"category","embeddable":true,"href":"https:\/\/archive.sana.sy\/es\/index.php?rest_route=%2Fwp%2Fv2%2Fcategories&post=164308"},{"taxonomy":"post_tag","embeddable":true,"href":"https:\/\/archive.sana.sy\/es\/index.php?rest_route=%2Fwp%2Fv2%2Ftags&post=164308"}],"curies":[{"name":"wp","href":"https:\/\/api.w.org\/{rel}","templated":true}]}}