{"id":164312,"date":"2020-12-26T09:35:43","date_gmt":"2020-12-26T07:35:43","guid":{"rendered":"http:\/\/107.6.182.27\/es\/?p=164312"},"modified":"2023-01-12T14:42:21","modified_gmt":"2023-01-12T12:42:21","slug":"nordic-monitor-cabecilla-de-al-qaeda-vive-en-turquia-protegido-por-el-regimen-de-erdogan","status":"publish","type":"post","link":"https:\/\/archive.sana.sy\/es\/?p=164312","title":{"rendered":"Nordic Monitor: cabecilla de Al Qaeda vive en Turqu\u00eda protegido por el r\u00e9gimen de Erdogan"},"content":{"rendered":"<p style=\"text-align: justify;\"><strong><span style=\"color: #800000;\">Estocolmo , SANA<\/span><\/strong><\/p>\n<p style=\"text-align: justify;\">El sitio de noticias sueco Nordic Monitor, revel\u00f3 nuevos documentos que confirman la estrecha relaci\u00f3n entre el r\u00e9gimen turco dirigido por Recep Tayyip Erdogan y las agrupaciones terroristas.<\/p>\n<p style=\"text-align: justify;\">Los documentos proporcionan detalles sobre el gran papel del gobierno de Erdogan en apoyar a los terroristas por todos los medios en favor de sus ambiciones en los otros pa\u00edses .<\/p>\n<p style=\"text-align: justify;\">Seg\u00fan el sitio sueco, los archivos mostraron c\u00f3mo Ankara ayud\u00f3 al l\u00edder terrorista de al-Qaeda en Turqu\u00eda el llamado &#8220;Musa Abu Jaafar&#8221; a mudarse a la provincia siria de Idleb con el inicio de la guerra terrorista contra Siria con el objetivo de movilizar a los yihadistas en Siria y otros pa\u00edses como Irak y Libia.<\/p>\n<p style=\"text-align: justify;\">Seg\u00fan escuchas telef\u00f3nicas secretas obtenidas por Nordic Monitor, este cabecilla contribuy\u00f3 a que muchos se unieran a organizaciones terroristas en Siria, adem\u00e1s de establecer una c\u00e9lula terrorista en Egipto y enviar a extremistas turcos a El Cairo con el pretexto de aprender estudios \u00e1rabes e isl\u00e1micos.<\/p>\n<p style=\"text-align: justify;\">A pesar de los antecedentes criminales de terrorismo de Abu Jaafar, todas las investigaciones relacionadas con la organizaci\u00f3n terrorista al-Qaeda han sido detenidas desde 2014 bajo presi\u00f3n de personas influyentes y cercanas a Erdogan.<\/p>\n<p style=\"text-align: justify;\"><span style=\"color: #0000ff;\"><strong>ws\/fm<\/strong><\/span><\/p>\n","protected":false},"excerpt":{"rendered":"<p>Estocolmo , SANA El sitio de noticias sueco Nordic Monitor, revel\u00f3 nuevos documentos que confirman la estrecha relaci\u00f3n entre el r\u00e9gimen turco dirigido por Recep Tayyip Erdogan y las agrupaciones terroristas. Los documentos proporcionan detalles sobre el gran papel del gobierno de Erdogan en apoyar a los terroristas por todos los medios en favor de &hellip;<\/p>\n","protected":false},"author":35,"featured_media":164313,"comment_status":"closed","ping_status":"closed","sticky":false,"template":"","format":"standard","meta":{"footnotes":""},"categories":[597,456,467,7541],"tags":[],"class_list":["post-164312","post","type-post","status-publish","format-standard","has-post-thumbnail","","category-cinta-de-noticias","category-arabe-internacional-politica","category-siria-y-el-mundo","category-ultimas-noticias"],"_links":{"self":[{"href":"https:\/\/archive.sana.sy\/es\/index.php?rest_route=\/wp\/v2\/posts\/164312"}],"collection":[{"href":"https:\/\/archive.sana.sy\/es\/index.php?rest_route=\/wp\/v2\/posts"}],"about":[{"href":"https:\/\/archive.sana.sy\/es\/index.php?rest_route=\/wp\/v2\/types\/post"}],"author":[{"embeddable":true,"href":"https:\/\/archive.sana.sy\/es\/index.php?rest_route=\/wp\/v2\/users\/35"}],"replies":[{"embeddable":true,"href":"https:\/\/archive.sana.sy\/es\/index.php?rest_route=%2Fwp%2Fv2%2Fcomments&post=164312"}],"version-history":[{"count":0,"href":"https:\/\/archive.sana.sy\/es\/index.php?rest_route=\/wp\/v2\/posts\/164312\/revisions"}],"wp:featuredmedia":[{"embeddable":true,"href":"https:\/\/archive.sana.sy\/es\/index.php?rest_route=\/wp\/v2\/media\/164313"}],"wp:attachment":[{"href":"https:\/\/archive.sana.sy\/es\/index.php?rest_route=%2Fwp%2Fv2%2Fmedia&parent=164312"}],"wp:term":[{"taxonomy":"category","embeddable":true,"href":"https:\/\/archive.sana.sy\/es\/index.php?rest_route=%2Fwp%2Fv2%2Fcategories&post=164312"},{"taxonomy":"post_tag","embeddable":true,"href":"https:\/\/archive.sana.sy\/es\/index.php?rest_route=%2Fwp%2Fv2%2Ftags&post=164312"}],"curies":[{"name":"wp","href":"https:\/\/api.w.org\/{rel}","templated":true}]}}