{"id":164376,"date":"2020-12-26T10:57:39","date_gmt":"2020-12-26T08:57:39","guid":{"rendered":"http:\/\/107.6.182.27\/es\/?p=164376"},"modified":"2023-01-10T15:33:59","modified_gmt":"2023-01-10T13:33:59","slug":"siria-en-sintesis-26-de-diciembre-del-2020","status":"publish","type":"post","link":"https:\/\/archive.sana.sy\/es\/?p=164376","title":{"rendered":"Siria en S\u00edntesis, 26 de Diciembre del 2020"},"content":{"rendered":"<p><span style=\"color: #800000;\"><strong>Damasco , SANA<\/strong><\/span><\/p>\n<p>????Defensas antia\u00e9reas repelen agresi\u00f3n israel\u00ed con misiles contra Mesiaf\/Hama<\/p>\n<p>????Siria: Consejo de Seguridad debe asumir la responsabilidad de impedir agresiones terroristas israel\u00edes<\/p>\n<p>????El presidente al-Assad felicita a las comunidades cristianas por el D\u00eda de Navidad<\/p>\n<p>????Con motivo de la Navidad\u2026 las comunidades cristianas en Siria celebran misas y oraciones<\/p>\n<p>????Reportan nuevos secuestros de j\u00f3venes por la milicia proestadounidense FDS<\/p>\n<p>????Pungas entre mercenarios turcos y milicianos de la FDS provocan desplazamiento en Ain Issa<\/p>\n<p>????Fuerzas de ocupaci\u00f3n turcas bombardean poblados en Hasakeh<\/p>\n<p>????Registran 120 nuevos casos de Covid-19 en Siria<\/p>\n<p>????140 atletas participan en un marat\u00f3n desde Hama a Latakia<\/p>\n<p>????Las agresiones israel\u00edes contra Siria socavan la estabilidad regional, afirma Rusia<\/p>\n<p>????Mosc\u00fa advierte de la financiaci\u00f3n de los Cascos Blancos por Alemania<\/p>\n<p>????Rusia y Egipto examinan los \u00faltimos eventos sobre Siria y Libia<\/p>\n<p>????Siria e Irak conversan formas de mejorar su cooperaci\u00f3n econ\u00f3mica<\/p>\n<p>????Decenas de palestinos resultan heridos y asfixiados por represi\u00f3n israel\u00ed en Kafr Qaddoum<\/p>\n<p>????El L\u00edbano confirma primer caso de contagio con la nueva cepa de Covid-19<\/p>\n<p>????Turqu\u00eda entre los peores pa\u00edses del mundo en el \u00e1mbito de los derechos laborales<\/p>\n<p>????El r\u00e9gimen de Erdogan exige a Alemania que le entregue a periodista que desvel\u00f3 su apoyo al terrorismo en Siria<\/p>\n<p><span style=\"color: #0000ff;\"><strong>fm\/ws<\/strong><\/span><\/p>\n","protected":false},"excerpt":{"rendered":"<p>Damasco , SANA ????Defensas antia\u00e9reas repelen agresi\u00f3n israel\u00ed con misiles contra Mesiaf\/Hama ????Siria: Consejo de Seguridad debe asumir la responsabilidad de impedir agresiones terroristas israel\u00edes ????El presidente al-Assad felicita a las comunidades cristianas por el D\u00eda de Navidad ????Con motivo de la Navidad\u2026 las comunidades cristianas en Siria celebran misas y oraciones ????Reportan nuevos secuestros &hellip;<\/p>\n","protected":false},"author":35,"featured_media":164377,"comment_status":"closed","ping_status":"closed","sticky":false,"template":"","format":"standard","meta":{"footnotes":""},"categories":[447,555,597,7541],"tags":[],"class_list":["post-164376","post","type-post","status-publish","format-standard","has-post-thumbnail","","category-local-politica","category-prensa","category-cinta-de-noticias","category-ultimas-noticias"],"_links":{"self":[{"href":"https:\/\/archive.sana.sy\/es\/index.php?rest_route=\/wp\/v2\/posts\/164376"}],"collection":[{"href":"https:\/\/archive.sana.sy\/es\/index.php?rest_route=\/wp\/v2\/posts"}],"about":[{"href":"https:\/\/archive.sana.sy\/es\/index.php?rest_route=\/wp\/v2\/types\/post"}],"author":[{"embeddable":true,"href":"https:\/\/archive.sana.sy\/es\/index.php?rest_route=\/wp\/v2\/users\/35"}],"replies":[{"embeddable":true,"href":"https:\/\/archive.sana.sy\/es\/index.php?rest_route=%2Fwp%2Fv2%2Fcomments&post=164376"}],"version-history":[{"count":0,"href":"https:\/\/archive.sana.sy\/es\/index.php?rest_route=\/wp\/v2\/posts\/164376\/revisions"}],"wp:featuredmedia":[{"embeddable":true,"href":"https:\/\/archive.sana.sy\/es\/index.php?rest_route=\/wp\/v2\/media\/164377"}],"wp:attachment":[{"href":"https:\/\/archive.sana.sy\/es\/index.php?rest_route=%2Fwp%2Fv2%2Fmedia&parent=164376"}],"wp:term":[{"taxonomy":"category","embeddable":true,"href":"https:\/\/archive.sana.sy\/es\/index.php?rest_route=%2Fwp%2Fv2%2Fcategories&post=164376"},{"taxonomy":"post_tag","embeddable":true,"href":"https:\/\/archive.sana.sy\/es\/index.php?rest_route=%2Fwp%2Fv2%2Ftags&post=164376"}],"curies":[{"name":"wp","href":"https:\/\/api.w.org\/{rel}","templated":true}]}}