{"id":164379,"date":"2020-12-26T12:09:51","date_gmt":"2020-12-26T10:09:51","guid":{"rendered":"http:\/\/107.6.182.27\/es\/?p=164379"},"modified":"2023-01-12T14:42:21","modified_gmt":"2023-01-12T12:42:21","slug":"soldados-del-ocupante-israeli-resultan-heridos-por-artefacto-explosivo-en-el-sur-de-libano","status":"publish","type":"post","link":"https:\/\/archive.sana.sy\/es\/?p=164379","title":{"rendered":"Soldados del ocupante israel\u00ed resultan heridos por artefacto explosivo en el sur de L\u00edbano"},"content":{"rendered":"<p style=\"text-align: justify;\"><strong><span style=\"color: #800000;\">Beirut, SANA<\/span><\/strong><\/p>\n<p style=\"text-align: justify;\">Un artefacto explosivo estall\u00f3 al paso de una patrulla de la ocupaci\u00f3n israel\u00ed en la parte ocupada frente a la localidad de Al-Adisa en el sur del L\u00edbano.<\/p>\n<p style=\"text-align: justify;\">El estallido provoc\u00f3 lesiones a algunos soldados israel\u00edes .<\/p>\n<p style=\"text-align: justify;\">Seg\u00fan divulgaron medios libaneses, el incidente tuvo lugar en la madrugada de hoy en el lado ocupado, frente a la ciudad de Al-Adisa, distrito de Marjayoun.<\/p>\n<p style=\"text-align: justify;\"><span style=\"color: #0000ff;\"><strong>ws\/fm<\/strong><\/span><\/p>\n","protected":false},"excerpt":{"rendered":"<p>Beirut, SANA Un artefacto explosivo estall\u00f3 al paso de una patrulla de la ocupaci\u00f3n israel\u00ed en la parte ocupada frente a la localidad de Al-Adisa en el sur del L\u00edbano. El estallido provoc\u00f3 lesiones a algunos soldados israel\u00edes . Seg\u00fan divulgaron medios libaneses, el incidente tuvo lugar en la madrugada de hoy en el lado &hellip;<\/p>\n","protected":false},"author":35,"featured_media":164380,"comment_status":"closed","ping_status":"closed","sticky":false,"template":"","format":"standard","meta":{"footnotes":""},"categories":[597,456,7541],"tags":[],"class_list":["post-164379","post","type-post","status-publish","format-standard","has-post-thumbnail","","category-cinta-de-noticias","category-arabe-internacional-politica","category-ultimas-noticias"],"_links":{"self":[{"href":"https:\/\/archive.sana.sy\/es\/index.php?rest_route=\/wp\/v2\/posts\/164379"}],"collection":[{"href":"https:\/\/archive.sana.sy\/es\/index.php?rest_route=\/wp\/v2\/posts"}],"about":[{"href":"https:\/\/archive.sana.sy\/es\/index.php?rest_route=\/wp\/v2\/types\/post"}],"author":[{"embeddable":true,"href":"https:\/\/archive.sana.sy\/es\/index.php?rest_route=\/wp\/v2\/users\/35"}],"replies":[{"embeddable":true,"href":"https:\/\/archive.sana.sy\/es\/index.php?rest_route=%2Fwp%2Fv2%2Fcomments&post=164379"}],"version-history":[{"count":0,"href":"https:\/\/archive.sana.sy\/es\/index.php?rest_route=\/wp\/v2\/posts\/164379\/revisions"}],"wp:featuredmedia":[{"embeddable":true,"href":"https:\/\/archive.sana.sy\/es\/index.php?rest_route=\/wp\/v2\/media\/164380"}],"wp:attachment":[{"href":"https:\/\/archive.sana.sy\/es\/index.php?rest_route=%2Fwp%2Fv2%2Fmedia&parent=164379"}],"wp:term":[{"taxonomy":"category","embeddable":true,"href":"https:\/\/archive.sana.sy\/es\/index.php?rest_route=%2Fwp%2Fv2%2Fcategories&post=164379"},{"taxonomy":"post_tag","embeddable":true,"href":"https:\/\/archive.sana.sy\/es\/index.php?rest_route=%2Fwp%2Fv2%2Ftags&post=164379"}],"curies":[{"name":"wp","href":"https:\/\/api.w.org\/{rel}","templated":true}]}}