{"id":164500,"date":"2020-12-27T15:40:18","date_gmt":"2020-12-27T13:40:18","guid":{"rendered":"http:\/\/107.6.182.27\/es\/?p=164500"},"modified":"2020-12-27T15:40:18","modified_gmt":"2020-12-27T13:40:18","slug":"ministerio-de-exteriores-y-expatriados-la-republica-arabe-siria-lamenta-el-incendio-que-asolo-al-campamento-de-refugiados-sirios-en-behnin-libano-y-que-aterrorizo-a-sus-residentes-y-privo-a-varios-d","status":"publish","type":"post","link":"https:\/\/archive.sana.sy\/es\/?p=164500","title":{"rendered":"Ministerio de Exteriores y Expatriados: La Rep\u00fablica \u00c1rabe Siria lamenta el incendio que asol\u00f3 al campamento de refugiados sirios en Behnin\/L\u00edbano, y que aterroriz\u00f3 a sus residentes y priv\u00f3 a varios de ellos del refugio."},"content":{"rendered":"","protected":false},"excerpt":{"rendered":"","protected":false},"author":32,"featured_media":0,"comment_status":"closed","ping_status":"closed","sticky":false,"template":"","format":"standard","meta":{"footnotes":""},"categories":[596],"tags":[],"class_list":["post-164500","post","type-post","status-publish","format-standard","","category-urgente"],"_links":{"self":[{"href":"https:\/\/archive.sana.sy\/es\/index.php?rest_route=\/wp\/v2\/posts\/164500"}],"collection":[{"href":"https:\/\/archive.sana.sy\/es\/index.php?rest_route=\/wp\/v2\/posts"}],"about":[{"href":"https:\/\/archive.sana.sy\/es\/index.php?rest_route=\/wp\/v2\/types\/post"}],"author":[{"embeddable":true,"href":"https:\/\/archive.sana.sy\/es\/index.php?rest_route=\/wp\/v2\/users\/32"}],"replies":[{"embeddable":true,"href":"https:\/\/archive.sana.sy\/es\/index.php?rest_route=%2Fwp%2Fv2%2Fcomments&post=164500"}],"version-history":[{"count":0,"href":"https:\/\/archive.sana.sy\/es\/index.php?rest_route=\/wp\/v2\/posts\/164500\/revisions"}],"wp:attachment":[{"href":"https:\/\/archive.sana.sy\/es\/index.php?rest_route=%2Fwp%2Fv2%2Fmedia&parent=164500"}],"wp:term":[{"taxonomy":"category","embeddable":true,"href":"https:\/\/archive.sana.sy\/es\/index.php?rest_route=%2Fwp%2Fv2%2Fcategories&post=164500"},{"taxonomy":"post_tag","embeddable":true,"href":"https:\/\/archive.sana.sy\/es\/index.php?rest_route=%2Fwp%2Fv2%2Ftags&post=164500"}],"curies":[{"name":"wp","href":"https:\/\/api.w.org\/{rel}","templated":true}]}}