{"id":164577,"date":"2020-12-28T10:25:28","date_gmt":"2020-12-28T08:25:28","guid":{"rendered":"http:\/\/107.6.182.27\/es\/?p=164577"},"modified":"2023-01-10T15:14:36","modified_gmt":"2023-01-10T13:14:36","slug":"panorama-del-sector-industrial-en-siria-durante-2020","status":"publish","type":"post","link":"https:\/\/archive.sana.sy\/es\/?p=164577","title":{"rendered":"Panorama del sector industrial en Siria durante 2020"},"content":{"rendered":"<p style=\"text-align: justify;\"><span style=\"color: #800000;\"><strong>Damasco, SANA<\/strong><\/span><\/p>\n<p style=\"text-align: justify;\">Las empresas e instituciones del Ministerio de Industria presenciaron durante el 2020 la inauguraci\u00f3n de decenas de l\u00edneas de producci\u00f3n, maquinarias y equipos, adem\u00e1s de la rehabilitaci\u00f3n de varios proyectos y lanzarlos de nuevo para contribuir al proceso de producci\u00f3n.<\/p>\n<p style=\"text-align: justify;\">En un documento exclusivo para la agencia SANA, el Ministerio de Industria resumi\u00f3 su trabajo durante el 2020 en lo siguiente:<\/p>\n<p style=\"text-align: justify;\">En la Empresa Estatal Siria de Industrias Farmac\u00e9uticas (Tamiko):<\/p>\n<p style=\"text-align: justify;\">Se inaugur\u00f3 nueva l\u00ednea de medicamentos l\u00edquidos, adem\u00e1s de a\u00f1adir tres nuevas m\u00e1quinas farmac\u00e9uticas al proceso de producci\u00f3n de envases, tabletas y sal m\u00e9dico.<\/p>\n<p style=\"text-align: justify;\">Asimismo se instal\u00f3 nueva l\u00ednea de producci\u00f3n de b\u00e1lsamo m\u00e9dicos.<\/p>\n<p style=\"text-align: justify;\">En la Empresa Estatal de Bater\u00edas:<\/p>\n<p style=\"text-align: justify;\">Se puso en marcha la producci\u00f3n de bater\u00edas l\u00edquidas con diferentes mediciones 55-245 amperios y con buena calidad y precios adecuados.<br \/>\nEn la Empresa Estatal de Industrias Electr\u00f3nicas (Ceronex):<\/p>\n<p style=\"text-align: justify;\">Se concluyeron los procesos de dise\u00f1o para fabricar un regulador el\u00e9ctrico de voltajes con una capacidad de 10 kilovatios y alta calidad.<\/p>\n<p style=\"text-align: justify;\">En la Empresa Estatal de Cemento:<\/p>\n<p style=\"text-align: justify;\">Fueron sustituidas las secciones &#8220;primera y segunda&#8221; de los hornos, lo que contribuy\u00f3 a la reducci\u00f3n de los costos de producci\u00f3n.<\/p>\n<p style=\"text-align: justify;\">En la Empresa Estatal de Desmotaje y Comercializaci\u00f3n del Algod\u00f3n:<\/p>\n<p style=\"text-align: justify;\">Comenz\u00f3 el proceso de recibir algod\u00f3n para la actual temporada 2020-2021 y la cantidad recibida a principios de este mes alcanz\u00f3 las 13.349 toneladas, producidas en Alepo, Deir Ezzor, Raqa y Hama.<\/p>\n<p style=\"text-align: justify;\">En la Empresa Estatal de Cervecer\u00eda<\/p>\n<p style=\"text-align: justify;\">Se contrat\u00f3 una serie de maquinaria para rehabilitar la empresa.<\/p>\n<p style=\"text-align: justify;\">En la Empresa Estatal de Aceite:<\/p>\n<p style=\"text-align: justify;\">Varios motores para la divisi\u00f3n contempor\u00e1nea y de refinaci\u00f3n fueron comprados y se contrat\u00f3 para transferir un parte de su planta de Ain Al-Talal a la sede de la empresa en Hama.<\/p>\n<p style=\"text-align: justify;\">En la Empresa Estatal Siria de Confecciones (Wasim):<\/p>\n<p style=\"text-align: justify;\">Se inauguraron dos nuevas plantas de producci\u00f3n para emplear a los hijos y familiares de m\u00e1rtires y heridos de guerra en Hama, con lo que el n\u00famero total de plantas de producci\u00f3n lleg\u00f3 a 8 plantas fuera de su sede.<\/p>\n<p style=\"text-align: justify;\">En la Empresa Estatal Siria de Fabricaci\u00f3n de Zapatos:<\/p>\n<p style=\"text-align: justify;\">Se suministraron dos m\u00e1quinas de fabricaci\u00f3n de zapatos y seis m\u00e1quinas diferentes de coser fueron a\u00f1adidas al proceso de producci\u00f3n, adem\u00e1s de la contrataci\u00f3n para suministrar dos m\u00e1quinas de inyecci\u00f3n directa.<\/p>\n<p style=\"text-align: justify;\">En la Empresa Estatal Siria de Fabricaci\u00f3n de Detergentes (SAR):<\/p>\n<p style=\"text-align: justify;\">Se instal\u00f3 una nueva l\u00ednea para la producci\u00f3n de jabones m\u00e9dicos.<\/p>\n<p style=\"text-align: justify;\">En la Empresa Estatal Siria de Cables:<\/p>\n<p style=\"text-align: justify;\">Se instal\u00f3, rehabilit\u00f3 y moderniz\u00f3 una serie de m\u00e1quinas y fueron a\u00f1adidas al proceso de producci\u00f3n.<\/p>\n<div id='gallery-1' class='gallery galleryid-164577 gallery-columns-1 gallery-size-full'><figure class='gallery-item'>\n\t\t\t<div class='gallery-icon landscape'>\n\t\t\t\t<a href='https:\/\/archive.sana.sy\/es\/?attachment_id=164579'><img loading=\"lazy\" decoding=\"async\" width=\"660\" height=\"440\" src=\"https:\/\/archive.sana.sy\/es\/wp-content\/uploads\/2020\/12\/\u00b4\u00b4\u00b4\u00b4.jpg\" class=\"attachment-full size-full\" alt=\"\" srcset=\"https:\/\/archive.sana.sy\/es\/wp-content\/uploads\/2020\/12\/\u00b4\u00b4\u00b4\u00b4.jpg 660w, https:\/\/archive.sana.sy\/es\/wp-content\/uploads\/2020\/12\/\u00b4\u00b4\u00b4\u00b4-300x200.jpg 300w, https:\/\/archive.sana.sy\/es\/wp-content\/uploads\/2020\/12\/\u00b4\u00b4\u00b4\u00b4-150x100.jpg 150w\" sizes=\"(max-width: 660px) 100vw, 660px\" \/><\/a>\n\t\t\t<\/div><\/figure><figure class='gallery-item'>\n\t\t\t<div class='gallery-icon landscape'>\n\t\t\t\t<a href='https:\/\/archive.sana.sy\/es\/?attachment_id=164580'><img loading=\"lazy\" decoding=\"async\" width=\"660\" height=\"408\" src=\"https:\/\/archive.sana.sy\/es\/wp-content\/uploads\/2020\/12\/\u00b4\u00b4\u00b4\u00b4\u00b4\u00b4\u00b4\u00b4\u00b4\u00b4.jpg\" class=\"attachment-full size-full\" alt=\"\" srcset=\"https:\/\/archive.sana.sy\/es\/wp-content\/uploads\/2020\/12\/\u00b4\u00b4\u00b4\u00b4\u00b4\u00b4\u00b4\u00b4\u00b4\u00b4.jpg 660w, https:\/\/archive.sana.sy\/es\/wp-content\/uploads\/2020\/12\/\u00b4\u00b4\u00b4\u00b4\u00b4\u00b4\u00b4\u00b4\u00b4\u00b4-300x185.jpg 300w, https:\/\/archive.sana.sy\/es\/wp-content\/uploads\/2020\/12\/\u00b4\u00b4\u00b4\u00b4\u00b4\u00b4\u00b4\u00b4\u00b4\u00b4-150x93.jpg 150w\" sizes=\"(max-width: 660px) 100vw, 660px\" \/><\/a>\n\t\t\t<\/div><\/figure><figure class='gallery-item'>\n\t\t\t<div class='gallery-icon landscape'>\n\t\t\t\t<a href='https:\/\/archive.sana.sy\/es\/?attachment_id=164581'><img loading=\"lazy\" decoding=\"async\" width=\"660\" height=\"330\" src=\"https:\/\/archive.sana.sy\/es\/wp-content\/uploads\/2020\/12\/\u00b4\u00b4\u00b4.jpg\" class=\"attachment-full size-full\" alt=\"\" srcset=\"https:\/\/archive.sana.sy\/es\/wp-content\/uploads\/2020\/12\/\u00b4\u00b4\u00b4.jpg 660w, https:\/\/archive.sana.sy\/es\/wp-content\/uploads\/2020\/12\/\u00b4\u00b4\u00b4-300x150.jpg 300w, https:\/\/archive.sana.sy\/es\/wp-content\/uploads\/2020\/12\/\u00b4\u00b4\u00b4-150x75.jpg 150w\" sizes=\"(max-width: 660px) 100vw, 660px\" \/><\/a>\n\t\t\t<\/div><\/figure>\n\t\t<\/div>\n\n<p style=\"text-align: justify;\"><span style=\"color: #0000ff;\"><strong>ah\/fm\/ws<\/strong><\/span><\/p>\n<p style=\"text-align: justify;\">\n","protected":false},"excerpt":{"rendered":"<p>Damasco, SANA Las empresas e instituciones del Ministerio de Industria presenciaron durante el 2020 la inauguraci\u00f3n de decenas de l\u00edneas de producci\u00f3n, maquinarias y equipos, adem\u00e1s de la rehabilitaci\u00f3n de varios proyectos y lanzarlos de nuevo para contribuir al proceso de producci\u00f3n. En un documento exclusivo para la agencia SANA, el Ministerio de Industria resumi\u00f3 &hellip;<\/p>\n","protected":false},"author":35,"featured_media":164578,"comment_status":"closed","ping_status":"closed","sticky":false,"template":"","format":"standard","meta":{"footnotes":""},"categories":[597,16686,485,476,583],"tags":[],"class_list":["post-164577","post","type-post","status-publish","format-standard","has-post-thumbnail","","category-cinta-de-noticias","category-economia","category-informes-negocios-y-finanzas","category-locales","category-slide"],"_links":{"self":[{"href":"https:\/\/archive.sana.sy\/es\/index.php?rest_route=\/wp\/v2\/posts\/164577"}],"collection":[{"href":"https:\/\/archive.sana.sy\/es\/index.php?rest_route=\/wp\/v2\/posts"}],"about":[{"href":"https:\/\/archive.sana.sy\/es\/index.php?rest_route=\/wp\/v2\/types\/post"}],"author":[{"embeddable":true,"href":"https:\/\/archive.sana.sy\/es\/index.php?rest_route=\/wp\/v2\/users\/35"}],"replies":[{"embeddable":true,"href":"https:\/\/archive.sana.sy\/es\/index.php?rest_route=%2Fwp%2Fv2%2Fcomments&post=164577"}],"version-history":[{"count":0,"href":"https:\/\/archive.sana.sy\/es\/index.php?rest_route=\/wp\/v2\/posts\/164577\/revisions"}],"wp:featuredmedia":[{"embeddable":true,"href":"https:\/\/archive.sana.sy\/es\/index.php?rest_route=\/wp\/v2\/media\/164578"}],"wp:attachment":[{"href":"https:\/\/archive.sana.sy\/es\/index.php?rest_route=%2Fwp%2Fv2%2Fmedia&parent=164577"}],"wp:term":[{"taxonomy":"category","embeddable":true,"href":"https:\/\/archive.sana.sy\/es\/index.php?rest_route=%2Fwp%2Fv2%2Fcategories&post=164577"},{"taxonomy":"post_tag","embeddable":true,"href":"https:\/\/archive.sana.sy\/es\/index.php?rest_route=%2Fwp%2Fv2%2Ftags&post=164577"}],"curies":[{"name":"wp","href":"https:\/\/api.w.org\/{rel}","templated":true}]}}