{"id":164732,"date":"2020-12-30T07:00:44","date_gmt":"2020-12-30T05:00:44","guid":{"rendered":"http:\/\/107.6.182.27\/es\/?p=164732"},"modified":"2020-12-30T08:01:22","modified_gmt":"2020-12-30T06:01:22","slug":"tres-militares-rusos-heridos-en-un-ataque-terrorista-en-idleb","status":"publish","type":"post","link":"https:\/\/archive.sana.sy\/es\/?p=164732","title":{"rendered":"Tres militares rusos heridos en un ataque terrorista en Idleb"},"content":{"rendered":"<p><strong><span style=\"color: #800000;\">Mosc\u00fa, SANA<\/span><\/strong><\/p>\n<p style=\"text-align: justify;\">Tres militares resultaron heridos en un ataque terrorista con un proyectil lanzado desde \u00e1reas controladas por terroristas afines al r\u00e9gimen turco en la zona de desescalada al sureste de Idleb, inform\u00f3 el Ministerio de Defensa ruso.<\/p>\n<p style=\"text-align: justify;\">El contralmirante Viacheslav S\u00edtnik, jefe adjunto del Centro ruso para la Reconciliaci\u00f3n en Siria, dijo en un rueda de prensa que \u201cun veh\u00edculo blindado ruso fue alcanzado este martes por un misil antitanque disparado desde el territorio controlado por los grupos armados pro turcos mientras la polic\u00eda militar rusa velaba por la seguridad de la retirada de los militares turcos del puesto de observaci\u00f3n en la localidad de Trumba, en el sureste de la zona de distensi\u00f3n de Idleb\u201d.<\/p>\n<p style=\"text-align: justify;\">\u201cComo resultado del impacto del misil en el veh\u00edculo blindado, tres militares rusos sufrieron lesiones leves\u201d, agreg\u00f3.<br \/>\nEl alto oficial ruso resalt\u00f3 que los heridos fueron evacuados a un hospital y \u201csu estado de salud no es peligroso\u201d.<\/p>\n<p><span style=\"color: #0000ff;\"><strong><em>mm\/fm\/ws<\/em><\/strong><\/span><\/p>\n","protected":false},"excerpt":{"rendered":"<p>Mosc\u00fa, SANA Tres militares resultaron heridos en un ataque terrorista con un proyectil lanzado desde \u00e1reas controladas por terroristas afines al r\u00e9gimen turco en la zona de desescalada al sureste de Idleb, inform\u00f3 el Ministerio de Defensa ruso. El contralmirante Viacheslav S\u00edtnik, jefe adjunto del Centro ruso para la Reconciliaci\u00f3n en Siria, dijo en un &hellip;<\/p>\n","protected":false},"author":36,"featured_media":164733,"comment_status":"closed","ping_status":"closed","sticky":false,"template":"","format":"standard","meta":{"footnotes":""},"categories":[597,467,7541],"tags":[],"class_list":["post-164732","post","type-post","status-publish","format-standard","has-post-thumbnail","","category-cinta-de-noticias","category-siria-y-el-mundo","category-ultimas-noticias"],"_links":{"self":[{"href":"https:\/\/archive.sana.sy\/es\/index.php?rest_route=\/wp\/v2\/posts\/164732"}],"collection":[{"href":"https:\/\/archive.sana.sy\/es\/index.php?rest_route=\/wp\/v2\/posts"}],"about":[{"href":"https:\/\/archive.sana.sy\/es\/index.php?rest_route=\/wp\/v2\/types\/post"}],"author":[{"embeddable":true,"href":"https:\/\/archive.sana.sy\/es\/index.php?rest_route=\/wp\/v2\/users\/36"}],"replies":[{"embeddable":true,"href":"https:\/\/archive.sana.sy\/es\/index.php?rest_route=%2Fwp%2Fv2%2Fcomments&post=164732"}],"version-history":[{"count":0,"href":"https:\/\/archive.sana.sy\/es\/index.php?rest_route=\/wp\/v2\/posts\/164732\/revisions"}],"wp:featuredmedia":[{"embeddable":true,"href":"https:\/\/archive.sana.sy\/es\/index.php?rest_route=\/wp\/v2\/media\/164733"}],"wp:attachment":[{"href":"https:\/\/archive.sana.sy\/es\/index.php?rest_route=%2Fwp%2Fv2%2Fmedia&parent=164732"}],"wp:term":[{"taxonomy":"category","embeddable":true,"href":"https:\/\/archive.sana.sy\/es\/index.php?rest_route=%2Fwp%2Fv2%2Fcategories&post=164732"},{"taxonomy":"post_tag","embeddable":true,"href":"https:\/\/archive.sana.sy\/es\/index.php?rest_route=%2Fwp%2Fv2%2Ftags&post=164732"}],"curies":[{"name":"wp","href":"https:\/\/api.w.org\/{rel}","templated":true}]}}