{"id":165052,"date":"2021-01-02T12:27:56","date_gmt":"2021-01-02T10:27:56","guid":{"rendered":"http:\/\/107.6.182.27\/es\/?p=165052"},"modified":"2021-01-02T21:19:58","modified_gmt":"2021-01-02T19:19:58","slug":"siria-washington-es-responsable-del-sufrimiento-de-los-sirios-debido-a-su-apoyo-al-terrorismo","status":"publish","type":"post","link":"https:\/\/archive.sana.sy\/es\/?p=165052","title":{"rendered":"Siria: Washington es responsable del sufrimiento de los sirios debido a su apoyo al terrorismo"},"content":{"rendered":"<p style=\"text-align: justify;\"><strong><span style=\"color: #800000;\">Damasco , SANA\u00a0<\/span><\/strong><\/p>\n<p style=\"text-align: justify;\">El Ministerio de Exteriores y Expatriados de Siria subray\u00f3 que no es nada extra\u00f1o que la declaraci\u00f3n publicada en la p\u00e1gina web de la embajada estadounidense en Damasco contenga mentiras en la respuesta al llamado de la Relatora Especial de las Naciones Unidas, Elina Dohan, para levantar las sanciones impuestas a Siria y considerarlas como la raz\u00f3n de las duras condiciones que viven los sirios.<\/p>\n<p style=\"text-align: justify;\">Este comportamiento confirma la insistencia de Washington en la adopcion de una pol\u00edtica de hegemon\u00eda, soberbia y dominio unipolar, y solo escuchar las voces que responden a sus decisiones imprudentes en la regi\u00f3n , afirm\u00f3 Canciller\u00eda en una declaraci\u00f3n emitida este s\u00e1bado.<\/p>\n<p style=\"text-align: justify;\">La nota remarc\u00f3 que ya es el momento de que la administraci\u00f3n estadounidense asuma la plena responsabilidad por el sufrimiento de los sirios resultante de su apoyo al terrorismo y la imposici\u00f3n de medidas coercitivas unilaterales que violan las leyes internacionales y privan a los sirios de proporcionar las condiciones para una vida digna.<\/p>\n<p style=\"text-align: justify;\">\u00a8Los resultados de esas pol\u00edticas estadounidenses equivalen a cr\u00edmenes de lesa humanidad, y el llamado de la Relatora Especial de las Naciones Unidas deber\u00eda ser el comienzo del enjuiciamiento de la administraci\u00f3n estadounidense por sus cr\u00edmenes contra los sirios ante la corte internacional competente\u00a8 afirm\u00f3 Canciller\u00eda.<\/p>\n<p style=\"text-align: justify;\"><span style=\"color: #0000ff;\"><strong>ws\/fm<\/strong><\/span><\/p>\n","protected":false},"excerpt":{"rendered":"<p>Damasco , SANA\u00a0 El Ministerio de Exteriores y Expatriados de Siria subray\u00f3 que no es nada extra\u00f1o que la declaraci\u00f3n publicada en la p\u00e1gina web de la embajada estadounidense en Damasco contenga mentiras en la respuesta al llamado de la Relatora Especial de las Naciones Unidas, Elina Dohan, para levantar las sanciones impuestas a Siria &hellip;<\/p>\n","protected":false},"author":35,"featured_media":165053,"comment_status":"closed","ping_status":"closed","sticky":false,"template":"","format":"standard","meta":{"footnotes":""},"categories":[477,597,476,583],"tags":[],"class_list":["post-165052","post","type-post","status-publish","format-standard","has-post-thumbnail","","category-noticias-edulcorantes","category-cinta-de-noticias","category-locales","category-slide"],"_links":{"self":[{"href":"https:\/\/archive.sana.sy\/es\/index.php?rest_route=\/wp\/v2\/posts\/165052"}],"collection":[{"href":"https:\/\/archive.sana.sy\/es\/index.php?rest_route=\/wp\/v2\/posts"}],"about":[{"href":"https:\/\/archive.sana.sy\/es\/index.php?rest_route=\/wp\/v2\/types\/post"}],"author":[{"embeddable":true,"href":"https:\/\/archive.sana.sy\/es\/index.php?rest_route=\/wp\/v2\/users\/35"}],"replies":[{"embeddable":true,"href":"https:\/\/archive.sana.sy\/es\/index.php?rest_route=%2Fwp%2Fv2%2Fcomments&post=165052"}],"version-history":[{"count":0,"href":"https:\/\/archive.sana.sy\/es\/index.php?rest_route=\/wp\/v2\/posts\/165052\/revisions"}],"wp:featuredmedia":[{"embeddable":true,"href":"https:\/\/archive.sana.sy\/es\/index.php?rest_route=\/wp\/v2\/media\/165053"}],"wp:attachment":[{"href":"https:\/\/archive.sana.sy\/es\/index.php?rest_route=%2Fwp%2Fv2%2Fmedia&parent=165052"}],"wp:term":[{"taxonomy":"category","embeddable":true,"href":"https:\/\/archive.sana.sy\/es\/index.php?rest_route=%2Fwp%2Fv2%2Fcategories&post=165052"},{"taxonomy":"post_tag","embeddable":true,"href":"https:\/\/archive.sana.sy\/es\/index.php?rest_route=%2Fwp%2Fv2%2Ftags&post=165052"}],"curies":[{"name":"wp","href":"https:\/\/api.w.org\/{rel}","templated":true}]}}