{"id":165071,"date":"2021-01-02T18:02:58","date_gmt":"2021-01-02T16:02:58","guid":{"rendered":"http:\/\/107.6.182.27\/es\/?p=165071"},"modified":"2021-01-02T18:02:58","modified_gmt":"2021-01-02T16:02:58","slug":"ocupacion-turca-y-sus-mercenarios-agreden-con-artilleria-a-areas-en-raqa","status":"publish","type":"post","link":"https:\/\/archive.sana.sy\/es\/?p=165071","title":{"rendered":"Ocupaci\u00f3n Turca y sus mercenarios agreden con artiller\u00eda a \u00e1reas en Raqa"},"content":{"rendered":"<p style=\"text-align: justify;\"><span style=\"color: #800000;\"><strong>Raqa, SANA<\/strong><\/span><\/p>\n<p style=\"text-align: justify;\">Las fuerzas de ocupaci\u00f3n turcas y sus mercenarios de organizaciones terroristas ca\u00f1onearon las zonas residenciales en al norte de Raqa, causando da\u00f1os en las propiedades p\u00fablicas y privadas.<\/p>\n<p style=\"text-align: justify;\">\u201cEl bombardeo se perpetr\u00f3 con artiller\u00eda pesada desde las zonas ocupadas contra el campamento de Ain Isa y la aldea de Saida cerca de la carretera internacional M4 al norte de Raqa\u201d, informaron fuentes locales a SANA.<\/p>\n<p style=\"text-align: justify;\">Agregaron que la agresi\u00f3n caus\u00f3 da\u00f1os materiales en las propiedades p\u00fablicas y privadas, y tambi\u00e9n en las tierras agr\u00edcolas.<\/p>\n<p style=\"text-align: justify;\">El ocupante turco y sus mercenarios terroristas intensificaron sus ataques contra la ciudad de Ain Isa y sus alrededores en los \u00faltimos d\u00edas, lo cual provoc\u00f3 el desplazamiento de miles de familias y la destrucci\u00f3n de infraestructuras.<\/p>\n<p style=\"text-align: justify;\"><span style=\"color: #0000ff;\"><strong>ah\/fm<\/strong><\/span><\/p>\n","protected":false},"excerpt":{"rendered":"<p>Raqa, SANA Las fuerzas de ocupaci\u00f3n turcas y sus mercenarios de organizaciones terroristas ca\u00f1onearon las zonas residenciales en al norte de Raqa, causando da\u00f1os en las propiedades p\u00fablicas y privadas. \u201cEl bombardeo se perpetr\u00f3 con artiller\u00eda pesada desde las zonas ocupadas contra el campamento de Ain Isa y la aldea de Saida cerca de la &hellip;<\/p>\n","protected":false},"author":30,"featured_media":165072,"comment_status":"closed","ping_status":"closed","sticky":false,"template":"","format":"standard","meta":{"footnotes":""},"categories":[597,573,7541],"tags":[18661],"class_list":["post-165071","post","type-post","status-publish","format-standard","has-post-thumbnail","","category-cinta-de-noticias","category-la-realidad-de-los-acontecimientos-en-siria","category-ultimas-noticias","tag-ocupacion-turca-y-sus-mercenarios-agreden-con-artilleria-a-areas-en-raqa"],"_links":{"self":[{"href":"https:\/\/archive.sana.sy\/es\/index.php?rest_route=\/wp\/v2\/posts\/165071"}],"collection":[{"href":"https:\/\/archive.sana.sy\/es\/index.php?rest_route=\/wp\/v2\/posts"}],"about":[{"href":"https:\/\/archive.sana.sy\/es\/index.php?rest_route=\/wp\/v2\/types\/post"}],"author":[{"embeddable":true,"href":"https:\/\/archive.sana.sy\/es\/index.php?rest_route=\/wp\/v2\/users\/30"}],"replies":[{"embeddable":true,"href":"https:\/\/archive.sana.sy\/es\/index.php?rest_route=%2Fwp%2Fv2%2Fcomments&post=165071"}],"version-history":[{"count":0,"href":"https:\/\/archive.sana.sy\/es\/index.php?rest_route=\/wp\/v2\/posts\/165071\/revisions"}],"wp:featuredmedia":[{"embeddable":true,"href":"https:\/\/archive.sana.sy\/es\/index.php?rest_route=\/wp\/v2\/media\/165072"}],"wp:attachment":[{"href":"https:\/\/archive.sana.sy\/es\/index.php?rest_route=%2Fwp%2Fv2%2Fmedia&parent=165071"}],"wp:term":[{"taxonomy":"category","embeddable":true,"href":"https:\/\/archive.sana.sy\/es\/index.php?rest_route=%2Fwp%2Fv2%2Fcategories&post=165071"},{"taxonomy":"post_tag","embeddable":true,"href":"https:\/\/archive.sana.sy\/es\/index.php?rest_route=%2Fwp%2Fv2%2Ftags&post=165071"}],"curies":[{"name":"wp","href":"https:\/\/api.w.org\/{rel}","templated":true}]}}