{"id":165104,"date":"2021-01-02T23:06:39","date_gmt":"2021-01-02T21:06:39","guid":{"rendered":"http:\/\/107.6.182.27\/es\/?p=165104"},"modified":"2021-01-02T23:06:39","modified_gmt":"2021-01-02T21:06:39","slug":"registran-90-nuevos-casos-de-covid-19-en-siria-2","status":"publish","type":"post","link":"https:\/\/archive.sana.sy\/es\/?p=165104","title":{"rendered":"Registran 90 nuevos casos de Covid-19 en Siria"},"content":{"rendered":"<p><span style=\"color: #800000;\">Damasco, SANA<\/span><\/p>\n<p style=\"text-align: justify;\">La cifra de infectados por Covid-19 en Siria ascendi\u00f3 a 11 mil 616 tras reportar 90 casos nuevos, inform\u00f3 el Ministerio de Salud en un comunicado.<\/p>\n<p style=\"text-align: justify;\">Agreg\u00f3 que esta enfermedad cobr\u00f3 la vida de seis personas en las \u00faltimas 24 horas, lo que eleva a 723 el n\u00famero de fallecidos a nivel nacional.<\/p>\n<p style=\"text-align: justify;\">Seg\u00fan el comunicado, los recuperados sumaron cinco mil 485 tras la recuperaci\u00f3n de 65 pacientes.<\/p>\n<p><span style=\"color: #0000ff;\">fm\/rr<\/span><\/p>\n","protected":false},"excerpt":{"rendered":"<p>Damasco, SANA La cifra de infectados por Covid-19 en Siria ascendi\u00f3 a 11 mil 616 tras reportar 90 casos nuevos, inform\u00f3 el Ministerio de Salud en un comunicado. Agreg\u00f3 que esta enfermedad cobr\u00f3 la vida de seis personas en las \u00faltimas 24 horas, lo que eleva a 723 el n\u00famero de fallecidos a nivel nacional. &hellip;<\/p>\n","protected":false},"author":31,"featured_media":165105,"comment_status":"closed","ping_status":"closed","sticky":false,"template":"","format":"standard","meta":{"footnotes":""},"categories":[597,476,7541],"tags":[],"class_list":["post-165104","post","type-post","status-publish","format-standard","has-post-thumbnail","","category-cinta-de-noticias","category-locales","category-ultimas-noticias"],"_links":{"self":[{"href":"https:\/\/archive.sana.sy\/es\/index.php?rest_route=\/wp\/v2\/posts\/165104"}],"collection":[{"href":"https:\/\/archive.sana.sy\/es\/index.php?rest_route=\/wp\/v2\/posts"}],"about":[{"href":"https:\/\/archive.sana.sy\/es\/index.php?rest_route=\/wp\/v2\/types\/post"}],"author":[{"embeddable":true,"href":"https:\/\/archive.sana.sy\/es\/index.php?rest_route=\/wp\/v2\/users\/31"}],"replies":[{"embeddable":true,"href":"https:\/\/archive.sana.sy\/es\/index.php?rest_route=%2Fwp%2Fv2%2Fcomments&post=165104"}],"version-history":[{"count":0,"href":"https:\/\/archive.sana.sy\/es\/index.php?rest_route=\/wp\/v2\/posts\/165104\/revisions"}],"wp:featuredmedia":[{"embeddable":true,"href":"https:\/\/archive.sana.sy\/es\/index.php?rest_route=\/wp\/v2\/media\/165105"}],"wp:attachment":[{"href":"https:\/\/archive.sana.sy\/es\/index.php?rest_route=%2Fwp%2Fv2%2Fmedia&parent=165104"}],"wp:term":[{"taxonomy":"category","embeddable":true,"href":"https:\/\/archive.sana.sy\/es\/index.php?rest_route=%2Fwp%2Fv2%2Fcategories&post=165104"},{"taxonomy":"post_tag","embeddable":true,"href":"https:\/\/archive.sana.sy\/es\/index.php?rest_route=%2Fwp%2Fv2%2Ftags&post=165104"}],"curies":[{"name":"wp","href":"https:\/\/api.w.org\/{rel}","templated":true}]}}