{"id":165109,"date":"2021-01-03T07:06:24","date_gmt":"2021-01-03T05:06:24","guid":{"rendered":"http:\/\/107.6.182.27\/es\/?p=165109"},"modified":"2023-01-12T14:42:18","modified_gmt":"2023-01-12T12:42:18","slug":"cuba-no-cedera-a-las-amenazas-y-sanciones-estadounidenses-afirma-presidente-cubano","status":"publish","type":"post","link":"https:\/\/archive.sana.sy\/es\/?p=165109","title":{"rendered":"Cuba no ceder\u00e1 a las amenazas y sanciones estadounidenses, afirma presidente cubano"},"content":{"rendered":"<p style=\"text-align: justify;\"><span style=\"color: #800000;\"><strong>La Habana, SANA<\/strong><\/span><\/p>\n<p style=\"text-align: justify;\">El presidente cubano, Miguel D\u00edaz-Canel, afirm\u00f3 que su pa\u00eds no se rendir\u00e1 a las injustas amenazas y sanciones estadounidenses y que seguir\u00e1 impulsando un modelo de desarrollo independiente.<\/p>\n<p style=\"text-align: justify;\">En su cuenta en Twitter, el mandatario dijo que La Habana lograr\u00e1 derrotar a Estados Unidos con la determinaci\u00f3n y voluntad de su pueblo, y denunci\u00f3 la continua imposici\u00f3n de Washington del bloqueo y lo calific\u00f3 de genocidio y exterminio masivo.<\/p>\n<p style=\"text-align: justify;\">\u201cPlantados juntos en un barrio llamado Cuba. No cederemos ante amenazas, injustas y crueles sanciones, bloqueo genocida. Por nosotros mismos, con nuestro empe\u00f1o y talento saldremos adelante derrotando al imperio\u201d, escribi\u00f3.<\/p>\n<p style=\"text-align: justify;\">En otro mensaje en Twitter, el mandatario destac\u00f3 el esp\u00edritu de resistencia de la poblaci\u00f3n de la isla frente a las agresiones de Washington: Es el destino de este pueblo crecerse con los desaf\u00edos, est\u00e1 en los genes de los cubanos, plasm\u00f3.<\/p>\n<p style=\"text-align: justify;\">El Departamento de Estado estadounidense impuso nuevas sanciones contra Cuba, incluida la inclusi\u00f3n del Banco Financiero Internacional de Cuba en una llamada &#8220;lista negra&#8221; de empresas cubanas con las que los estadounidenses no pueden tratar.<\/p>\n<p style=\"text-align: justify;\">fm<\/p>\n","protected":false},"excerpt":{"rendered":"<p>La Habana, SANA El presidente cubano, Miguel D\u00edaz-Canel, afirm\u00f3 que su pa\u00eds no se rendir\u00e1 a las injustas amenazas y sanciones estadounidenses y que seguir\u00e1 impulsando un modelo de desarrollo independiente. En su cuenta en Twitter, el mandatario dijo que La Habana lograr\u00e1 derrotar a Estados Unidos con la determinaci\u00f3n y voluntad de su pueblo, &hellip;<\/p>\n","protected":false},"author":34,"featured_media":165110,"comment_status":"closed","ping_status":"closed","sticky":false,"template":"","format":"standard","meta":{"footnotes":""},"categories":[597,456,7541],"tags":[],"class_list":["post-165109","post","type-post","status-publish","format-standard","has-post-thumbnail","","category-cinta-de-noticias","category-arabe-internacional-politica","category-ultimas-noticias"],"_links":{"self":[{"href":"https:\/\/archive.sana.sy\/es\/index.php?rest_route=\/wp\/v2\/posts\/165109"}],"collection":[{"href":"https:\/\/archive.sana.sy\/es\/index.php?rest_route=\/wp\/v2\/posts"}],"about":[{"href":"https:\/\/archive.sana.sy\/es\/index.php?rest_route=\/wp\/v2\/types\/post"}],"author":[{"embeddable":true,"href":"https:\/\/archive.sana.sy\/es\/index.php?rest_route=\/wp\/v2\/users\/34"}],"replies":[{"embeddable":true,"href":"https:\/\/archive.sana.sy\/es\/index.php?rest_route=%2Fwp%2Fv2%2Fcomments&post=165109"}],"version-history":[{"count":0,"href":"https:\/\/archive.sana.sy\/es\/index.php?rest_route=\/wp\/v2\/posts\/165109\/revisions"}],"wp:featuredmedia":[{"embeddable":true,"href":"https:\/\/archive.sana.sy\/es\/index.php?rest_route=\/wp\/v2\/media\/165110"}],"wp:attachment":[{"href":"https:\/\/archive.sana.sy\/es\/index.php?rest_route=%2Fwp%2Fv2%2Fmedia&parent=165109"}],"wp:term":[{"taxonomy":"category","embeddable":true,"href":"https:\/\/archive.sana.sy\/es\/index.php?rest_route=%2Fwp%2Fv2%2Fcategories&post=165109"},{"taxonomy":"post_tag","embeddable":true,"href":"https:\/\/archive.sana.sy\/es\/index.php?rest_route=%2Fwp%2Fv2%2Ftags&post=165109"}],"curies":[{"name":"wp","href":"https:\/\/api.w.org\/{rel}","templated":true}]}}