{"id":165119,"date":"2021-01-03T09:26:21","date_gmt":"2021-01-03T07:26:21","guid":{"rendered":"http:\/\/107.6.182.27\/es\/?p=165119"},"modified":"2023-01-10T15:33:58","modified_gmt":"2023-01-10T13:33:58","slug":"titulares-internacionales-y-nacionales-de-la-prensa-siria-2","status":"publish","type":"post","link":"https:\/\/archive.sana.sy\/es\/?p=165119","title":{"rendered":"Titulares internacionales y nacionales de la prensa siria"},"content":{"rendered":"<p style=\"text-align: justify;\"><span style=\"color: #800000;\"><strong>Damasco, SANA<\/strong><\/span><\/p>\n<p style=\"text-align: justify;\"><strong>Los principales diarios y medios de comunicaci\u00f3n sirios destacaron los siguientes titulares del \u00e1mbito nacional e internacional:<\/strong><\/p>\n<p style=\"text-align: justify;\"><strong><span style=\"color: #0000ff;\">Internacionales<\/span><\/strong><\/p>\n<p>&#8211; Cuba no ceder\u00e1 a las amenazas y sanciones estadounidenses, afirma presidente cubano.<\/p>\n<p style=\"text-align: justify;\">&#8211; Mueren cuatro personas en el estrellamiento de un helic\u00f3ptero en el oeste de Canad\u00e1.<\/p>\n<p style=\"text-align: justify;\">&#8211; La aviaci\u00f3n del agresor saudita contin\u00faan sus bombardeos a los lugares residenciales en la provincia de Hodeida en Yemen.<\/p>\n<p style=\"text-align: justify;\">&#8211; Colonos israel\u00edes agreden a palestinos en el norte del Valle Jord\u00e1n.<\/p>\n<p style=\"text-align: justify;\">&#8211; El Ej\u00e9rcito liban\u00e9s arresta a tres armados que asesinaron a un soldado liban\u00e9s en Hemel.<\/p>\n<p style=\"text-align: justify;\">&#8211; Decenas de palestinos resultan heridos en la represi\u00f3n de las fuerzas israel\u00edes a una manifestaci\u00f3n en Kefer Qadoum.<\/p>\n<p style=\"text-align: justify;\">&#8211; Fuerzas argelinas abaten a cuatro terroristas en el oeste del pa\u00eds.<\/p>\n<p style=\"text-align: justify;\">&#8211; Presidente del Partido del Pueblo de Turqu\u00eda pide que Erdogan que se disculpe por sus humillaciones al pueblo turco.<\/p>\n<p style=\"text-align: justify;\">&#8211; Canciller iran\u00ed advierte a EE.UU de las consecuencias de perpetrar una agresi\u00f3n contra Ir\u00e1n.<br \/>\n&#8211;<\/p>\n<p style=\"text-align: justify;\"><strong><span style=\"color: #0000ff;\">Nacionales<\/span><\/strong><\/p>\n<p style=\"text-align: justify;\">&#8211; Siria: Washington es responsable del sufrimiento de los sirios debido a su apoyo al terrorismo.<\/p>\n<p style=\"text-align: justify;\">&#8211; Damasco denuncia que los resultados de las pol\u00edticas estadounidenses contra Siria equivalen a cr\u00edmenes de lesa humanidad.<\/p>\n<p style=\"text-align: justify;\">&#8211; Canciller\u00eda siria asegura que el llamado de la Relatora Especial de las Naciones Unidas para levantar las sanciones impuestas a Siria deber\u00eda ser el comienzo del enjuiciamiento de la administraci\u00f3n estadounidense por sus cr\u00edmenes contra los sirios ante la corte internacional.<\/p>\n<p style=\"text-align: justify;\">&#8211; Agreg\u00f3 que esta enfermedad cobr\u00f3 la vida de seis personas en las \u00faltimas 24 horas, lo que eleva a 723 el n\u00famero de fallecidos a nivel nacional.<\/p>\n<p style=\"text-align: justify;\">&#8211; Registran 90 nuevos casos de Covid-19 en Siria.<\/p>\n<p style=\"text-align: justify;\">&#8211; 100 mujeres en Deraa se benefician del proyecto de industrias caseras.<\/p>\n<p style=\"text-align: justify;\">&#8211; Ocupaci\u00f3n turca y sus mercenarios agreden con artiller\u00eda a \u00e1reas en Raqa.<\/p>\n<p style=\"text-align: justify;\">&#8211; Milicia FDS secuestra a 20 civiles al norte de Deir Ezzor.<\/p>\n<p style=\"text-align: justify;\">&#8211; Mueren dos ni\u00f1os por estallido de un coche bomba en la ciudad de Ras al-Ain.<\/p>\n<p style=\"text-align: justify;\">&#8211; Muere un civil y otros 20 resultan heridos por explosi\u00f3n de una granada en un mercado en Hasakeh.<\/p>\n<p style=\"text-align: justify;\">&#8211; Ataques con misiles contra la regi\u00f3n de \u00a8Ghab\u00a8 en Hama.<\/p>\n<p style=\"text-align: justify;\">&#8211; Muere un agricultor por explosi\u00f3n de mina mientras araba su tierra en el norte de Hama.<\/p>\n<p style=\"text-align: justify;\">&#8211; Contin\u00faan partidos de la Primera Liga Siria de F\u00fatbol.<\/p>\n<p style=\"text-align: justify;\"><span style=\"color: #0000ff;\"><strong>fm\/ws<\/strong><\/span><\/p>\n","protected":false},"excerpt":{"rendered":"<p>Damasco, SANA Los principales diarios y medios de comunicaci\u00f3n sirios destacaron los siguientes titulares del \u00e1mbito nacional e internacional: Internacionales &#8211; Cuba no ceder\u00e1 a las amenazas y sanciones estadounidenses, afirma presidente cubano. &#8211; Mueren cuatro personas en el estrellamiento de un helic\u00f3ptero en el oeste de Canad\u00e1. &#8211; La aviaci\u00f3n del agresor saudita contin\u00faan &hellip;<\/p>\n","protected":false},"author":35,"featured_media":165120,"comment_status":"closed","ping_status":"closed","sticky":false,"template":"","format":"standard","meta":{"footnotes":""},"categories":[447,555,597,476,7541],"tags":[],"class_list":["post-165119","post","type-post","status-publish","format-standard","has-post-thumbnail","","category-local-politica","category-prensa","category-cinta-de-noticias","category-locales","category-ultimas-noticias"],"_links":{"self":[{"href":"https:\/\/archive.sana.sy\/es\/index.php?rest_route=\/wp\/v2\/posts\/165119"}],"collection":[{"href":"https:\/\/archive.sana.sy\/es\/index.php?rest_route=\/wp\/v2\/posts"}],"about":[{"href":"https:\/\/archive.sana.sy\/es\/index.php?rest_route=\/wp\/v2\/types\/post"}],"author":[{"embeddable":true,"href":"https:\/\/archive.sana.sy\/es\/index.php?rest_route=\/wp\/v2\/users\/35"}],"replies":[{"embeddable":true,"href":"https:\/\/archive.sana.sy\/es\/index.php?rest_route=%2Fwp%2Fv2%2Fcomments&post=165119"}],"version-history":[{"count":0,"href":"https:\/\/archive.sana.sy\/es\/index.php?rest_route=\/wp\/v2\/posts\/165119\/revisions"}],"wp:featuredmedia":[{"embeddable":true,"href":"https:\/\/archive.sana.sy\/es\/index.php?rest_route=\/wp\/v2\/media\/165120"}],"wp:attachment":[{"href":"https:\/\/archive.sana.sy\/es\/index.php?rest_route=%2Fwp%2Fv2%2Fmedia&parent=165119"}],"wp:term":[{"taxonomy":"category","embeddable":true,"href":"https:\/\/archive.sana.sy\/es\/index.php?rest_route=%2Fwp%2Fv2%2Fcategories&post=165119"},{"taxonomy":"post_tag","embeddable":true,"href":"https:\/\/archive.sana.sy\/es\/index.php?rest_route=%2Fwp%2Fv2%2Ftags&post=165119"}],"curies":[{"name":"wp","href":"https:\/\/api.w.org\/{rel}","templated":true}]}}