{"id":165283,"date":"2021-01-04T16:24:54","date_gmt":"2021-01-04T14:24:54","guid":{"rendered":"http:\/\/107.6.182.27\/es\/?p=165283"},"modified":"2021-01-04T17:00:16","modified_gmt":"2021-01-04T15:00:16","slug":"protestan-civiles-contra-criminales-practicas-de-la-milicia-separatista-proestadounidense-fds","status":"publish","type":"post","link":"https:\/\/archive.sana.sy\/es\/?p=165283","title":{"rendered":"Protestan civiles contra criminales pr\u00e1cticas de la milicia separatista proestadounidense FDS"},"content":{"rendered":"<p style=\"text-align: justify;\"><strong><span style=\"color: #800000;\">Deir Ezzor, SANA<\/span><\/strong><\/p>\n<p style=\"text-align: justify;\">La localidad de Ezbet en el norte de provincia oriental de Deir Ezzor fue escenario de una manifestaci\u00f3n en contra la milicia separatista Fuerzas Democr\u00e1ticas de Siria (FDS).<\/p>\n<p style=\"text-align: justify;\">Seg\u00fan activistas locales citados por el Corresponsal de SANA en Deir Ezzor, los civiles protestaron contra el secuestro de los j\u00f3venes y su reclutamiento por la fuerza para combatir en las filas de esa milicia mercenaria de EE.UUU<\/p>\n<p style=\"text-align: justify;\">Indicaron que los manifestantes bloquearon las carreteras para impedir la llegada de los refuerzos enviados por las milicias FDS para reprimir la manifestaci\u00f3n, y expulsaron a sus integrantes.<\/p>\n<p style=\"text-align: justify;\">En un contexto relacionado, fuentes locales en el sur de Hasakeh informaron que grupos armados afiliados a la milicia FDS irrumpieron en la localidad de Markada, en medio de intenso tiroteo para aterrorizar la poblaci\u00f3n civil.<\/p>\n<p style=\"text-align: justify;\">Asimismo, acordonaron la referida localidad y secuestraron a varios j\u00f3venes y los llevaron a un destino desconocido.<\/p>\n<div id='gallery-1' class='gallery galleryid-165283 gallery-columns-1 gallery-size-full'><figure class='gallery-item'>\n\t\t\t<div class='gallery-icon landscape'>\n\t\t\t\t<a href='https:\/\/archive.sana.sy\/es\/?attachment_id=165285'><img loading=\"lazy\" decoding=\"async\" width=\"1030\" height=\"572\" src=\"https:\/\/archive.sana.sy\/es\/wp-content\/uploads\/2021\/01\/photo_2021-01-04_13-52-59.jpg\" class=\"attachment-full size-full\" alt=\"\" srcset=\"https:\/\/archive.sana.sy\/es\/wp-content\/uploads\/2021\/01\/photo_2021-01-04_13-52-59.jpg 1030w, https:\/\/archive.sana.sy\/es\/wp-content\/uploads\/2021\/01\/photo_2021-01-04_13-52-59-300x167.jpg 300w, https:\/\/archive.sana.sy\/es\/wp-content\/uploads\/2021\/01\/photo_2021-01-04_13-52-59-1024x569.jpg 1024w, https:\/\/archive.sana.sy\/es\/wp-content\/uploads\/2021\/01\/photo_2021-01-04_13-52-59-150x83.jpg 150w, https:\/\/archive.sana.sy\/es\/wp-content\/uploads\/2021\/01\/photo_2021-01-04_13-52-59-768x427.jpg 768w\" sizes=\"(max-width: 1030px) 100vw, 1030px\" \/><\/a>\n\t\t\t<\/div><\/figure>\n\t\t<\/div>\n\n<p style=\"text-align: justify;\"><strong><span style=\"color: #0000ff;\">fm\/ws<\/span><\/strong><\/p>\n","protected":false},"excerpt":{"rendered":"<p>Deir Ezzor, SANA La localidad de Ezbet en el norte de provincia oriental de Deir Ezzor fue escenario de una manifestaci\u00f3n en contra la milicia separatista Fuerzas Democr\u00e1ticas de Siria (FDS). Seg\u00fan activistas locales citados por el Corresponsal de SANA en Deir Ezzor, los civiles protestaron contra el secuestro de los j\u00f3venes y su reclutamiento &hellip;<\/p>\n","protected":false},"author":35,"featured_media":165284,"comment_status":"closed","ping_status":"closed","sticky":false,"template":"","format":"standard","meta":{"footnotes":""},"categories":[477,597,573,476,7541],"tags":[],"class_list":["post-165283","post","type-post","status-publish","format-standard","has-post-thumbnail","","category-noticias-edulcorantes","category-cinta-de-noticias","category-la-realidad-de-los-acontecimientos-en-siria","category-locales","category-ultimas-noticias"],"_links":{"self":[{"href":"https:\/\/archive.sana.sy\/es\/index.php?rest_route=\/wp\/v2\/posts\/165283"}],"collection":[{"href":"https:\/\/archive.sana.sy\/es\/index.php?rest_route=\/wp\/v2\/posts"}],"about":[{"href":"https:\/\/archive.sana.sy\/es\/index.php?rest_route=\/wp\/v2\/types\/post"}],"author":[{"embeddable":true,"href":"https:\/\/archive.sana.sy\/es\/index.php?rest_route=\/wp\/v2\/users\/35"}],"replies":[{"embeddable":true,"href":"https:\/\/archive.sana.sy\/es\/index.php?rest_route=%2Fwp%2Fv2%2Fcomments&post=165283"}],"version-history":[{"count":0,"href":"https:\/\/archive.sana.sy\/es\/index.php?rest_route=\/wp\/v2\/posts\/165283\/revisions"}],"wp:featuredmedia":[{"embeddable":true,"href":"https:\/\/archive.sana.sy\/es\/index.php?rest_route=\/wp\/v2\/media\/165284"}],"wp:attachment":[{"href":"https:\/\/archive.sana.sy\/es\/index.php?rest_route=%2Fwp%2Fv2%2Fmedia&parent=165283"}],"wp:term":[{"taxonomy":"category","embeddable":true,"href":"https:\/\/archive.sana.sy\/es\/index.php?rest_route=%2Fwp%2Fv2%2Fcategories&post=165283"},{"taxonomy":"post_tag","embeddable":true,"href":"https:\/\/archive.sana.sy\/es\/index.php?rest_route=%2Fwp%2Fv2%2Ftags&post=165283"}],"curies":[{"name":"wp","href":"https:\/\/api.w.org\/{rel}","templated":true}]}}