{"id":165291,"date":"2021-01-04T18:00:35","date_gmt":"2021-01-04T16:00:35","guid":{"rendered":"http:\/\/107.6.182.27\/es\/?p=165291"},"modified":"2023-01-10T14:30:43","modified_gmt":"2023-01-10T12:30:43","slug":"logros-de-siria-en-el-sector-de-la-educacion-durante-2020","status":"publish","type":"post","link":"https:\/\/archive.sana.sy\/es\/?p=165291","title":{"rendered":"Logros de Siria en el sector de la educaci\u00f3n durante 2020"},"content":{"rendered":"<p style=\"text-align: justify;\"><strong><span style=\"color: #800000;\">Damasco, SANA<\/span><\/strong><\/p>\n<p style=\"text-align: justify;\">En su resumen anual, el ministerio de Educaci\u00f3n explic\u00f3 que durante el 2020, fueron rehabilitadas y reconstruidas mil 675 escuelas afectadas por las acciones terroristas.<\/p>\n<p style=\"text-align: justify;\">En una nota enviada a la redacci\u00f3n de SANA, el Ministerio explic\u00f3 que se imprimieron unos 45 millones de libros <img loading=\"lazy\" decoding=\"async\" class=\" wp-image-165297 alignleft\" src=\"http:\/\/107.6.182.27\/es\/wp-content\/uploads\/2021\/01\/06-300x190.jpg\" alt=\"\" width=\"234\" height=\"148\" srcset=\"https:\/\/archive.sana.sy\/es\/wp-content\/uploads\/2021\/01\/06-300x190.jpg 300w, https:\/\/archive.sana.sy\/es\/wp-content\/uploads\/2021\/01\/06-1024x650.jpg 1024w, https:\/\/archive.sana.sy\/es\/wp-content\/uploads\/2021\/01\/06-150x95.jpg 150w, https:\/\/archive.sana.sy\/es\/wp-content\/uploads\/2021\/01\/06-768x488.jpg 768w, https:\/\/archive.sana.sy\/es\/wp-content\/uploads\/2021\/01\/06-1536x975.jpg 1536w, https:\/\/archive.sana.sy\/es\/wp-content\/uploads\/2021\/01\/06-2048x1300.jpg 2048w\" sizes=\"(max-width: 234px) 100vw, 234px\" \/>escolares para el a\u00f1o 2020\/2021 y fueron asignados unos 30 mil educadores para consolidar el proceso docente.<\/p>\n<p style=\"text-align: justify;\">En cuanto a las medidas adoptadas en respuesta a la pandemia del nuevo Coronavirus, se asignaron 12 mil 482 supervisores sanitarios en las escuelas, 161 m\u00e9dicos de salud escolar y 907 auxiliares de salud.<\/p>\n<p style=\"text-align: justify;\">Asimismo, estudiantes de las escuelas profesionales produjeron unas 170 mil mascarillas m\u00e9dicas.<\/p>\n<p style=\"text-align: justify;\">Tambi\u00e9n, unos 74 mil ni\u00f1os se sometieron a cursos intensivos para compensar las p\u00e9rdidas en contenidos escolares.<\/p>\n<p style=\"text-align: justify;\"><strong><span style=\"color: #0000ff;\">fm\/ed<\/span><\/strong><\/p>\n<div id='gallery-1' class='gallery galleryid-165291 gallery-columns-1 gallery-size-full'><figure class='gallery-item'>\n\t\t\t<div class='gallery-icon landscape'>\n\t\t\t\t<a href='https:\/\/archive.sana.sy\/es\/wp-content\/uploads\/2021\/01\/01-scaled.jpg'><img loading=\"lazy\" decoding=\"async\" width=\"2560\" height=\"1648\" src=\"https:\/\/archive.sana.sy\/es\/wp-content\/uploads\/2021\/01\/01-scaled.jpg\" class=\"attachment-full size-full\" alt=\"\" srcset=\"https:\/\/archive.sana.sy\/es\/wp-content\/uploads\/2021\/01\/01-scaled.jpg 2560w, https:\/\/archive.sana.sy\/es\/wp-content\/uploads\/2021\/01\/01-300x193.jpg 300w, https:\/\/archive.sana.sy\/es\/wp-content\/uploads\/2021\/01\/01-1024x659.jpg 1024w, https:\/\/archive.sana.sy\/es\/wp-content\/uploads\/2021\/01\/01-150x97.jpg 150w, https:\/\/archive.sana.sy\/es\/wp-content\/uploads\/2021\/01\/01-768x494.jpg 768w, https:\/\/archive.sana.sy\/es\/wp-content\/uploads\/2021\/01\/01-1536x989.jpg 1536w, https:\/\/archive.sana.sy\/es\/wp-content\/uploads\/2021\/01\/01-2048x1319.jpg 2048w\" sizes=\"(max-width: 2560px) 100vw, 2560px\" \/><\/a>\n\t\t\t<\/div><\/figure><figure class='gallery-item'>\n\t\t\t<div class='gallery-icon landscape'>\n\t\t\t\t<a href='https:\/\/archive.sana.sy\/es\/wp-content\/uploads\/2021\/01\/ROR_1798-scaled.jpg'><img loading=\"lazy\" decoding=\"async\" width=\"2560\" height=\"1707\" src=\"https:\/\/archive.sana.sy\/es\/wp-content\/uploads\/2021\/01\/ROR_1798-scaled.jpg\" class=\"attachment-full size-full\" alt=\"\" srcset=\"https:\/\/archive.sana.sy\/es\/wp-content\/uploads\/2021\/01\/ROR_1798-scaled.jpg 2560w, https:\/\/archive.sana.sy\/es\/wp-content\/uploads\/2021\/01\/ROR_1798-300x200.jpg 300w, https:\/\/archive.sana.sy\/es\/wp-content\/uploads\/2021\/01\/ROR_1798-1024x683.jpg 1024w, https:\/\/archive.sana.sy\/es\/wp-content\/uploads\/2021\/01\/ROR_1798-150x100.jpg 150w, https:\/\/archive.sana.sy\/es\/wp-content\/uploads\/2021\/01\/ROR_1798-768x512.jpg 768w, https:\/\/archive.sana.sy\/es\/wp-content\/uploads\/2021\/01\/ROR_1798-1536x1024.jpg 1536w, https:\/\/archive.sana.sy\/es\/wp-content\/uploads\/2021\/01\/ROR_1798-2048x1365.jpg 2048w\" sizes=\"(max-width: 2560px) 100vw, 2560px\" \/><\/a>\n\t\t\t<\/div><\/figure><figure class='gallery-item'>\n\t\t\t<div class='gallery-icon landscape'>\n\t\t\t\t<a href='https:\/\/archive.sana.sy\/es\/wp-content\/uploads\/2021\/01\/04-scaled.jpg'><img loading=\"lazy\" decoding=\"async\" width=\"2560\" height=\"1706\" src=\"https:\/\/archive.sana.sy\/es\/wp-content\/uploads\/2021\/01\/04-scaled.jpg\" class=\"attachment-full size-full\" alt=\"\" srcset=\"https:\/\/archive.sana.sy\/es\/wp-content\/uploads\/2021\/01\/04-scaled.jpg 2560w, https:\/\/archive.sana.sy\/es\/wp-content\/uploads\/2021\/01\/04-300x200.jpg 300w, https:\/\/archive.sana.sy\/es\/wp-content\/uploads\/2021\/01\/04-1024x682.jpg 1024w, https:\/\/archive.sana.sy\/es\/wp-content\/uploads\/2021\/01\/04-150x100.jpg 150w, https:\/\/archive.sana.sy\/es\/wp-content\/uploads\/2021\/01\/04-768x512.jpg 768w, https:\/\/archive.sana.sy\/es\/wp-content\/uploads\/2021\/01\/04-1536x1024.jpg 1536w, https:\/\/archive.sana.sy\/es\/wp-content\/uploads\/2021\/01\/04-2048x1365.jpg 2048w\" sizes=\"(max-width: 2560px) 100vw, 2560px\" \/><\/a>\n\t\t\t<\/div><\/figure><figure class='gallery-item'>\n\t\t\t<div class='gallery-icon landscape'>\n\t\t\t\t<a href='https:\/\/archive.sana.sy\/es\/wp-content\/uploads\/2021\/01\/05-scaled.jpg'><img loading=\"lazy\" decoding=\"async\" width=\"2560\" height=\"1704\" src=\"https:\/\/archive.sana.sy\/es\/wp-content\/uploads\/2021\/01\/05-scaled.jpg\" class=\"attachment-full size-full\" alt=\"\" srcset=\"https:\/\/archive.sana.sy\/es\/wp-content\/uploads\/2021\/01\/05-scaled.jpg 2560w, https:\/\/archive.sana.sy\/es\/wp-content\/uploads\/2021\/01\/05-300x200.jpg 300w, https:\/\/archive.sana.sy\/es\/wp-content\/uploads\/2021\/01\/05-1024x682.jpg 1024w, https:\/\/archive.sana.sy\/es\/wp-content\/uploads\/2021\/01\/05-150x100.jpg 150w, https:\/\/archive.sana.sy\/es\/wp-content\/uploads\/2021\/01\/05-768x511.jpg 768w, https:\/\/archive.sana.sy\/es\/wp-content\/uploads\/2021\/01\/05-1536x1023.jpg 1536w, https:\/\/archive.sana.sy\/es\/wp-content\/uploads\/2021\/01\/05-2048x1364.jpg 2048w, https:\/\/archive.sana.sy\/es\/wp-content\/uploads\/2021\/01\/05-310x205.jpg 310w\" sizes=\"(max-width: 2560px) 100vw, 2560px\" \/><\/a>\n\t\t\t<\/div><\/figure><figure class='gallery-item'>\n\t\t\t<div class='gallery-icon landscape'>\n\t\t\t\t<a href='https:\/\/archive.sana.sy\/es\/wp-content\/uploads\/2021\/01\/8-18-1.jpg'><img loading=\"lazy\" decoding=\"async\" width=\"660\" height=\"440\" src=\"https:\/\/archive.sana.sy\/es\/wp-content\/uploads\/2021\/01\/8-18-1.jpg\" class=\"attachment-full size-full\" alt=\"\" srcset=\"https:\/\/archive.sana.sy\/es\/wp-content\/uploads\/2021\/01\/8-18-1.jpg 660w, https:\/\/archive.sana.sy\/es\/wp-content\/uploads\/2021\/01\/8-18-1-300x200.jpg 300w, https:\/\/archive.sana.sy\/es\/wp-content\/uploads\/2021\/01\/8-18-1-150x100.jpg 150w\" sizes=\"(max-width: 660px) 100vw, 660px\" \/><\/a>\n\t\t\t<\/div><\/figure>\n\t\t<\/div>\n\n","protected":false},"excerpt":{"rendered":"<p>Damasco, SANA En su resumen anual, el ministerio de Educaci\u00f3n explic\u00f3 que durante el 2020, fueron rehabilitadas y reconstruidas mil 675 escuelas afectadas por las acciones terroristas. En una nota enviada a la redacci\u00f3n de SANA, el Ministerio explic\u00f3 que se imprimieron unos 45 millones de libros escolares para el a\u00f1o 2020\/2021 y fueron asignados &hellip;<\/p>\n","protected":false},"author":32,"featured_media":165292,"comment_status":"closed","ping_status":"closed","sticky":false,"template":"","format":"standard","meta":{"footnotes":""},"categories":[477,447,597,476,583],"tags":[],"class_list":["post-165291","post","type-post","status-publish","format-standard","has-post-thumbnail","","category-noticias-edulcorantes","category-local-politica","category-cinta-de-noticias","category-locales","category-slide"],"_links":{"self":[{"href":"https:\/\/archive.sana.sy\/es\/index.php?rest_route=\/wp\/v2\/posts\/165291"}],"collection":[{"href":"https:\/\/archive.sana.sy\/es\/index.php?rest_route=\/wp\/v2\/posts"}],"about":[{"href":"https:\/\/archive.sana.sy\/es\/index.php?rest_route=\/wp\/v2\/types\/post"}],"author":[{"embeddable":true,"href":"https:\/\/archive.sana.sy\/es\/index.php?rest_route=\/wp\/v2\/users\/32"}],"replies":[{"embeddable":true,"href":"https:\/\/archive.sana.sy\/es\/index.php?rest_route=%2Fwp%2Fv2%2Fcomments&post=165291"}],"version-history":[{"count":0,"href":"https:\/\/archive.sana.sy\/es\/index.php?rest_route=\/wp\/v2\/posts\/165291\/revisions"}],"wp:featuredmedia":[{"embeddable":true,"href":"https:\/\/archive.sana.sy\/es\/index.php?rest_route=\/wp\/v2\/media\/165292"}],"wp:attachment":[{"href":"https:\/\/archive.sana.sy\/es\/index.php?rest_route=%2Fwp%2Fv2%2Fmedia&parent=165291"}],"wp:term":[{"taxonomy":"category","embeddable":true,"href":"https:\/\/archive.sana.sy\/es\/index.php?rest_route=%2Fwp%2Fv2%2Fcategories&post=165291"},{"taxonomy":"post_tag","embeddable":true,"href":"https:\/\/archive.sana.sy\/es\/index.php?rest_route=%2Fwp%2Fv2%2Ftags&post=165291"}],"curies":[{"name":"wp","href":"https:\/\/api.w.org\/{rel}","templated":true}]}}