{"id":165304,"date":"2021-01-04T16:50:50","date_gmt":"2021-01-04T14:50:50","guid":{"rendered":"http:\/\/107.6.182.27\/es\/?p=165304"},"modified":"2023-01-12T14:42:16","modified_gmt":"2023-01-12T12:42:16","slug":"teheran-sigue-de-cerca-los-movimientos-de-estados-unidos-en-la-region","status":"publish","type":"post","link":"https:\/\/archive.sana.sy\/es\/?p=165304","title":{"rendered":"Teher\u00e1n sigue de cerca los movimientos de Estados Unidos en la regi\u00f3n"},"content":{"rendered":"<p style=\"text-align: justify;\"><strong><span style=\"color: #800000;\">Teher\u00e1n, SANA <\/span><\/strong><\/p>\n<p style=\"text-align: justify;\">El Ministerio de Exteriores iran\u00ed volvi\u00f3 a advertir sobre los movimientos de Estados Unidos encaminados a aumentar la tensi\u00f3n en la regi\u00f3n, e indic\u00f3 que esos movimientos son cuidadosamente seguidos y Monitoreados por Ir\u00e1n.<\/p>\n<p style=\"text-align: justify;\">El portavoz del ministerio, Saeed Khatib zadeh, dijo durante su conferencia de prensa, que Teher\u00e1n no busca tensiones y responder\u00e1 con firmeza a cualquier agresi\u00f3n y ha enviado los mensajes necesarios de manera clara y transparente a Estados Unidos y los pa\u00edses de la regi\u00f3n con respecto a esos movimientos.<\/p>\n<p style=\"text-align: justify;\">Al mismo tiempo, se\u00f1al\u00f3 que la pol\u00edtica de su pa\u00eds se basa en la buena vecindad y el logro de una seguridad sostenible en la regi\u00f3n a pesar de las provocaciones de Estados Unidos.<\/p>\n<p style=\"text-align: justify;\">Con respecto al acuerdo nuclear firmado con su pa\u00eds, Khatib Zada reiter\u00f3 que no volver\u00e1 a negociar ninguna parte del mismo que debe ser implementado en su totalidad sin condiciones.<\/p>\n<p style=\"text-align: justify;\"><strong><span style=\"color: #0000ff;\">ed\/fm<\/span><\/strong><\/p>\n","protected":false},"excerpt":{"rendered":"<p>Teher\u00e1n, SANA El Ministerio de Exteriores iran\u00ed volvi\u00f3 a advertir sobre los movimientos de Estados Unidos encaminados a aumentar la tensi\u00f3n en la regi\u00f3n, e indic\u00f3 que esos movimientos son cuidadosamente seguidos y Monitoreados por Ir\u00e1n. El portavoz del ministerio, Saeed Khatib zadeh, dijo durante su conferencia de prensa, que Teher\u00e1n no busca tensiones y &hellip;<\/p>\n","protected":false},"author":32,"featured_media":165305,"comment_status":"closed","ping_status":"closed","sticky":false,"template":"","format":"standard","meta":{"footnotes":""},"categories":[597,456],"tags":[],"class_list":["post-165304","post","type-post","status-publish","format-standard","has-post-thumbnail","","category-cinta-de-noticias","category-arabe-internacional-politica"],"_links":{"self":[{"href":"https:\/\/archive.sana.sy\/es\/index.php?rest_route=\/wp\/v2\/posts\/165304"}],"collection":[{"href":"https:\/\/archive.sana.sy\/es\/index.php?rest_route=\/wp\/v2\/posts"}],"about":[{"href":"https:\/\/archive.sana.sy\/es\/index.php?rest_route=\/wp\/v2\/types\/post"}],"author":[{"embeddable":true,"href":"https:\/\/archive.sana.sy\/es\/index.php?rest_route=\/wp\/v2\/users\/32"}],"replies":[{"embeddable":true,"href":"https:\/\/archive.sana.sy\/es\/index.php?rest_route=%2Fwp%2Fv2%2Fcomments&post=165304"}],"version-history":[{"count":0,"href":"https:\/\/archive.sana.sy\/es\/index.php?rest_route=\/wp\/v2\/posts\/165304\/revisions"}],"wp:featuredmedia":[{"embeddable":true,"href":"https:\/\/archive.sana.sy\/es\/index.php?rest_route=\/wp\/v2\/media\/165305"}],"wp:attachment":[{"href":"https:\/\/archive.sana.sy\/es\/index.php?rest_route=%2Fwp%2Fv2%2Fmedia&parent=165304"}],"wp:term":[{"taxonomy":"category","embeddable":true,"href":"https:\/\/archive.sana.sy\/es\/index.php?rest_route=%2Fwp%2Fv2%2Fcategories&post=165304"},{"taxonomy":"post_tag","embeddable":true,"href":"https:\/\/archive.sana.sy\/es\/index.php?rest_route=%2Fwp%2Fv2%2Ftags&post=165304"}],"curies":[{"name":"wp","href":"https:\/\/api.w.org\/{rel}","templated":true}]}}