{"id":165312,"date":"2021-01-04T17:26:48","date_gmt":"2021-01-04T15:26:48","guid":{"rendered":"http:\/\/107.6.182.27\/es\/?p=165312"},"modified":"2023-01-12T14:42:16","modified_gmt":"2023-01-12T12:42:16","slug":"guardia-revolucionaria-irani-detiene-a-buque-de-carga-por-violar-las-leyes-maritimas","status":"publish","type":"post","link":"https:\/\/archive.sana.sy\/es\/?p=165312","title":{"rendered":"Guardia Revolucionaria Iran\u00ed detiene a buque de carga por violar las leyes mar\u00edtimas"},"content":{"rendered":"<p style=\"text-align: justify;\"><span style=\"color: #800000;\"><strong>Teher\u00e1n, SANA<\/strong><\/span><\/p>\n<p style=\"text-align: justify;\">La Guardia Revolucionaria Iran\u00ed anunci\u00f3 hoy la detenci\u00f3n de un carguero surcoreano en las aguas del Golfo por &#8220;violar las leyes de navegaci\u00f3n y contaminar el agua&#8221;.<\/p>\n<p style=\"text-align: justify;\">La agencia de noticias iran\u00ed Fars cit\u00f3 a una fuente de la Organizaci\u00f3n de Puertos y Navegaci\u00f3n Mar\u00edtima diciendo que &#8220;las fuerzas iran\u00edes llevaron el barco a un puerto iran\u00ed en el Golfo para formar un expediente legal en su contra&#8221;.<\/p>\n<p style=\"text-align: justify;\">Consider\u00f3 que esta medida se produjo despu\u00e9s de que el barco con bandera surcoreana violara las leyes de navegaci\u00f3n y contaminara el agua.<\/p>\n<p style=\"text-align: justify;\">fm<\/p>\n","protected":false},"excerpt":{"rendered":"<p>Teher\u00e1n, SANA La Guardia Revolucionaria Iran\u00ed anunci\u00f3 hoy la detenci\u00f3n de un carguero surcoreano en las aguas del Golfo por &#8220;violar las leyes de navegaci\u00f3n y contaminar el agua&#8221;. La agencia de noticias iran\u00ed Fars cit\u00f3 a una fuente de la Organizaci\u00f3n de Puertos y Navegaci\u00f3n Mar\u00edtima diciendo que &#8220;las fuerzas iran\u00edes llevaron el barco &hellip;<\/p>\n","protected":false},"author":34,"featured_media":165313,"comment_status":"closed","ping_status":"closed","sticky":false,"template":"","format":"standard","meta":{"footnotes":""},"categories":[597,456],"tags":[],"class_list":["post-165312","post","type-post","status-publish","format-standard","has-post-thumbnail","","category-cinta-de-noticias","category-arabe-internacional-politica"],"_links":{"self":[{"href":"https:\/\/archive.sana.sy\/es\/index.php?rest_route=\/wp\/v2\/posts\/165312"}],"collection":[{"href":"https:\/\/archive.sana.sy\/es\/index.php?rest_route=\/wp\/v2\/posts"}],"about":[{"href":"https:\/\/archive.sana.sy\/es\/index.php?rest_route=\/wp\/v2\/types\/post"}],"author":[{"embeddable":true,"href":"https:\/\/archive.sana.sy\/es\/index.php?rest_route=\/wp\/v2\/users\/34"}],"replies":[{"embeddable":true,"href":"https:\/\/archive.sana.sy\/es\/index.php?rest_route=%2Fwp%2Fv2%2Fcomments&post=165312"}],"version-history":[{"count":0,"href":"https:\/\/archive.sana.sy\/es\/index.php?rest_route=\/wp\/v2\/posts\/165312\/revisions"}],"wp:featuredmedia":[{"embeddable":true,"href":"https:\/\/archive.sana.sy\/es\/index.php?rest_route=\/wp\/v2\/media\/165313"}],"wp:attachment":[{"href":"https:\/\/archive.sana.sy\/es\/index.php?rest_route=%2Fwp%2Fv2%2Fmedia&parent=165312"}],"wp:term":[{"taxonomy":"category","embeddable":true,"href":"https:\/\/archive.sana.sy\/es\/index.php?rest_route=%2Fwp%2Fv2%2Fcategories&post=165312"},{"taxonomy":"post_tag","embeddable":true,"href":"https:\/\/archive.sana.sy\/es\/index.php?rest_route=%2Fwp%2Fv2%2Ftags&post=165312"}],"curies":[{"name":"wp","href":"https:\/\/api.w.org\/{rel}","templated":true}]}}