{"id":165331,"date":"2021-01-04T20:34:47","date_gmt":"2021-01-04T18:34:47","guid":{"rendered":"http:\/\/107.6.182.27\/es\/?p=165331"},"modified":"2021-01-04T22:34:51","modified_gmt":"2021-01-04T20:34:51","slug":"muertos-y-heridos-milicias-de-fds-en-hasakeh-y-raqa","status":"publish","type":"post","link":"https:\/\/archive.sana.sy\/es\/?p=165331","title":{"rendered":"Milicia FDS sufre cuatro bajas en ataques en Hasakeh y Raqa"},"content":{"rendered":"<p style=\"text-align: justify;\">Raqa-Hasakeh, SANA<\/p>\n<p style=\"text-align: justify;\">Un n\u00famero de armados de la milicia Fuerzas Democr\u00e1ticas Sirias (FDS), apoyada por las fuerzas de ocupaci\u00f3n estadunidenses, murieron y otros resultaron heridos en ataques contra sus veh\u00edculos y posiciones en las provincias de Raqa y Hasakeh.<\/p>\n<p style=\"text-align: justify;\">Fuentes locales informaron sobre el estallido de un artefacto explosivo en un veh\u00edculo militar de la milicia FDS en la carretera de Mankhar, campi\u00f1a este de la provincia de Raqa.<\/p>\n<p style=\"text-align: justify;\">Detallaron que la carga explosiva fue colocada por desconocidos y que su estallido dej\u00f3 tres milicianos muertos mientras cuatro fueron lesionados.<\/p>\n<p style=\"text-align: justify;\">Las mismas fuentes informaron adem\u00e1s que desconocidos asesinaron a tiros a un armado de FDS en el campo sur de la provincia de Hasakeh.<\/p>\n<p style=\"text-align: justify;\">yk\/fm<\/p>\n","protected":false},"excerpt":{"rendered":"<p>Raqa-Hasakeh, SANA Un n\u00famero de armados de la milicia Fuerzas Democr\u00e1ticas Sirias (FDS), apoyada por las fuerzas de ocupaci\u00f3n estadunidenses, murieron y otros resultaron heridos en ataques contra sus veh\u00edculos y posiciones en las provincias de Raqa y Hasakeh. Fuentes locales informaron sobre el estallido de un artefacto explosivo en un veh\u00edculo militar de la &hellip;<\/p>\n","protected":false},"author":1,"featured_media":165332,"comment_status":"closed","ping_status":"closed","sticky":false,"template":"","format":"standard","meta":{"footnotes":""},"categories":[597,573],"tags":[],"class_list":["post-165331","post","type-post","status-publish","format-standard","has-post-thumbnail","","category-cinta-de-noticias","category-la-realidad-de-los-acontecimientos-en-siria"],"_links":{"self":[{"href":"https:\/\/archive.sana.sy\/es\/index.php?rest_route=\/wp\/v2\/posts\/165331"}],"collection":[{"href":"https:\/\/archive.sana.sy\/es\/index.php?rest_route=\/wp\/v2\/posts"}],"about":[{"href":"https:\/\/archive.sana.sy\/es\/index.php?rest_route=\/wp\/v2\/types\/post"}],"author":[{"embeddable":true,"href":"https:\/\/archive.sana.sy\/es\/index.php?rest_route=\/wp\/v2\/users\/1"}],"replies":[{"embeddable":true,"href":"https:\/\/archive.sana.sy\/es\/index.php?rest_route=%2Fwp%2Fv2%2Fcomments&post=165331"}],"version-history":[{"count":0,"href":"https:\/\/archive.sana.sy\/es\/index.php?rest_route=\/wp\/v2\/posts\/165331\/revisions"}],"wp:featuredmedia":[{"embeddable":true,"href":"https:\/\/archive.sana.sy\/es\/index.php?rest_route=\/wp\/v2\/media\/165332"}],"wp:attachment":[{"href":"https:\/\/archive.sana.sy\/es\/index.php?rest_route=%2Fwp%2Fv2%2Fmedia&parent=165331"}],"wp:term":[{"taxonomy":"category","embeddable":true,"href":"https:\/\/archive.sana.sy\/es\/index.php?rest_route=%2Fwp%2Fv2%2Fcategories&post=165331"},{"taxonomy":"post_tag","embeddable":true,"href":"https:\/\/archive.sana.sy\/es\/index.php?rest_route=%2Fwp%2Fv2%2Ftags&post=165331"}],"curies":[{"name":"wp","href":"https:\/\/api.w.org\/{rel}","templated":true}]}}