{"id":165334,"date":"2021-01-04T20:54:55","date_gmt":"2021-01-04T18:54:55","guid":{"rendered":"http:\/\/107.6.182.27\/es\/?p=165334"},"modified":"2021-01-05T17:25:52","modified_gmt":"2021-01-05T15:25:52","slug":"milicias-fds-disparan-contra-un-nino-en-deir-ezor","status":"publish","type":"post","link":"https:\/\/archive.sana.sy\/es\/?p=165334","title":{"rendered":"Milicia FDS disparan contra un ni\u00f1o en Deir Ezor"},"content":{"rendered":"<p style=\"text-align: justify\"><span style=\"color: #800000\">Deir Ezor, SANA<\/span><\/p>\n<p style=\"text-align: justify\">Un ni\u00f1o result\u00f3 herido por disparos de las milicias FDS, durante una manifestaci\u00f3n popular que sali\u00f3 en el poblado de Zaghir Yazira, (ubicado en la campi\u00f1a noroeste de la provincia de Deir Ezor), en protesta contra las pr\u00e1cticas de dichas milicias contra la poblaci\u00f3n local.<\/p>\n<p style=\"text-align: justify\">Fuentes locales comunicaron que los residentes del poblado de Zaghir Yazira salieron a las calles para protestar contra las pr\u00e1cticas de las milicias FDS.<\/p>\n<p style=\"text-align: justify\">\u00a8Las milicias FDS abrieron fuego contra los manifestantes lo que result\u00f3 en la herida de un ni\u00f1o\u00a8, indicaron.<\/p>\n<p style=\"text-align: justify\">Las fuentes se\u00f1alaron que los manifestantes cortaron con gomas encendidas, las principales calles del poblado y coreaban consignas que condenaban las pr\u00e1cticas de las milicias en su contra.<\/p>\n<p style=\"text-align: justify\">yk<\/p>\n","protected":false},"excerpt":{"rendered":"<p>Deir Ezor, SANA Un ni\u00f1o result\u00f3 herido por disparos de las milicias FDS, durante una manifestaci\u00f3n popular que sali\u00f3 en el poblado de Zaghir Yazira, (ubicado en la campi\u00f1a noroeste de la provincia de Deir Ezor), en protesta contra las pr\u00e1cticas de dichas milicias contra la poblaci\u00f3n local. Fuentes locales comunicaron que los residentes del &hellip;<\/p>\n","protected":false},"author":1,"featured_media":165336,"comment_status":"closed","ping_status":"closed","sticky":false,"template":"","format":"standard","meta":{"footnotes":""},"categories":[597,573],"tags":[],"class_list":["post-165334","post","type-post","status-publish","format-standard","has-post-thumbnail","","category-cinta-de-noticias","category-la-realidad-de-los-acontecimientos-en-siria"],"_links":{"self":[{"href":"https:\/\/archive.sana.sy\/es\/index.php?rest_route=\/wp\/v2\/posts\/165334"}],"collection":[{"href":"https:\/\/archive.sana.sy\/es\/index.php?rest_route=\/wp\/v2\/posts"}],"about":[{"href":"https:\/\/archive.sana.sy\/es\/index.php?rest_route=\/wp\/v2\/types\/post"}],"author":[{"embeddable":true,"href":"https:\/\/archive.sana.sy\/es\/index.php?rest_route=\/wp\/v2\/users\/1"}],"replies":[{"embeddable":true,"href":"https:\/\/archive.sana.sy\/es\/index.php?rest_route=%2Fwp%2Fv2%2Fcomments&post=165334"}],"version-history":[{"count":0,"href":"https:\/\/archive.sana.sy\/es\/index.php?rest_route=\/wp\/v2\/posts\/165334\/revisions"}],"wp:featuredmedia":[{"embeddable":true,"href":"https:\/\/archive.sana.sy\/es\/index.php?rest_route=\/wp\/v2\/media\/165336"}],"wp:attachment":[{"href":"https:\/\/archive.sana.sy\/es\/index.php?rest_route=%2Fwp%2Fv2%2Fmedia&parent=165334"}],"wp:term":[{"taxonomy":"category","embeddable":true,"href":"https:\/\/archive.sana.sy\/es\/index.php?rest_route=%2Fwp%2Fv2%2Fcategories&post=165334"},{"taxonomy":"post_tag","embeddable":true,"href":"https:\/\/archive.sana.sy\/es\/index.php?rest_route=%2Fwp%2Fv2%2Ftags&post=165334"}],"curies":[{"name":"wp","href":"https:\/\/api.w.org\/{rel}","templated":true}]}}