{"id":165522,"date":"2021-01-06T15:31:59","date_gmt":"2021-01-06T13:31:59","guid":{"rendered":"http:\/\/107.6.182.27\/es\/?p=165522"},"modified":"2023-01-10T14:30:40","modified_gmt":"2023-01-10T12:30:40","slug":"dos-ataques-en-raqa-dejan-cinco-bajas-en-las-filas-de-la-milicia-separatista-fds","status":"publish","type":"post","link":"https:\/\/archive.sana.sy\/es\/?p=165522","title":{"rendered":"Dos ataques en Raqa dejan cinco bajas en las filas de la milicia separatista FDS"},"content":{"rendered":"<p style=\"text-align: justify;\"><span style=\"color: #800000;\"><strong>Raqa, SANA<\/strong><\/span><\/p>\n<p style=\"text-align: justify;\">Contin\u00faan los ataques armados contra la milicia separatista Fuerzas Democr\u00e1ticas de Siria, respaldada por las fuerzas de ocupaci\u00f3n de EE.UU.<\/p>\n<p style=\"text-align: justify;\">Seg\u00fan informaron activistas locales, dos ataques ocurrieron en las \u00faltimas horas y causaron la muerte de cinco armados mientras otros resultaron lesionados en el campo de la provincia de Raqa.<\/p>\n<p style=\"text-align: justify;\">Las mismas fuentes agregaron que dos armados de la referida milicia murieron en ataque perpetrado por armados no identificados contra el punto de control Maruna al este de la ciudad de Raqa.<\/p>\n<p style=\"text-align: justify;\">Otro ataque contra un veh\u00edculo militar de la milicia caus\u00f3 la muerte de tres armados mientras otros resultaron heridos.<\/p>\n<p style=\"text-align: justify;\">En la v\u00edspera, cuatro integrantes de FDS murieron en ataques en las provincias de Raqa y Hasakeh.<\/p>\n<p style=\"text-align: justify;\"><strong><span style=\"color: #0000ff;\">fm<\/span><\/strong><\/p>\n","protected":false},"excerpt":{"rendered":"<p>Raqa, SANA Contin\u00faan los ataques armados contra la milicia separatista Fuerzas Democr\u00e1ticas de Siria, respaldada por las fuerzas de ocupaci\u00f3n de EE.UU. Seg\u00fan informaron activistas locales, dos ataques ocurrieron en las \u00faltimas horas y causaron la muerte de cinco armados mientras otros resultaron lesionados en el campo de la provincia de Raqa. Las mismas fuentes &hellip;<\/p>\n","protected":false},"author":34,"featured_media":165523,"comment_status":"closed","ping_status":"closed","sticky":false,"template":"","format":"standard","meta":{"footnotes":""},"categories":[447,477,597,573],"tags":[],"class_list":["post-165522","post","type-post","status-publish","format-standard","has-post-thumbnail","","category-local-politica","category-noticias-edulcorantes","category-cinta-de-noticias","category-la-realidad-de-los-acontecimientos-en-siria"],"_links":{"self":[{"href":"https:\/\/archive.sana.sy\/es\/index.php?rest_route=\/wp\/v2\/posts\/165522"}],"collection":[{"href":"https:\/\/archive.sana.sy\/es\/index.php?rest_route=\/wp\/v2\/posts"}],"about":[{"href":"https:\/\/archive.sana.sy\/es\/index.php?rest_route=\/wp\/v2\/types\/post"}],"author":[{"embeddable":true,"href":"https:\/\/archive.sana.sy\/es\/index.php?rest_route=\/wp\/v2\/users\/34"}],"replies":[{"embeddable":true,"href":"https:\/\/archive.sana.sy\/es\/index.php?rest_route=%2Fwp%2Fv2%2Fcomments&post=165522"}],"version-history":[{"count":0,"href":"https:\/\/archive.sana.sy\/es\/index.php?rest_route=\/wp\/v2\/posts\/165522\/revisions"}],"wp:featuredmedia":[{"embeddable":true,"href":"https:\/\/archive.sana.sy\/es\/index.php?rest_route=\/wp\/v2\/media\/165523"}],"wp:attachment":[{"href":"https:\/\/archive.sana.sy\/es\/index.php?rest_route=%2Fwp%2Fv2%2Fmedia&parent=165522"}],"wp:term":[{"taxonomy":"category","embeddable":true,"href":"https:\/\/archive.sana.sy\/es\/index.php?rest_route=%2Fwp%2Fv2%2Fcategories&post=165522"},{"taxonomy":"post_tag","embeddable":true,"href":"https:\/\/archive.sana.sy\/es\/index.php?rest_route=%2Fwp%2Fv2%2Ftags&post=165522"}],"curies":[{"name":"wp","href":"https:\/\/api.w.org\/{rel}","templated":true}]}}