{"id":165861,"date":"2021-01-08T21:59:13","date_gmt":"2021-01-08T19:59:13","guid":{"rendered":"http:\/\/107.6.182.27\/es\/?p=165861"},"modified":"2023-01-12T14:42:13","modified_gmt":"2023-01-12T12:42:13","slug":"capturan-a-un-lider-terrorista-del-daesh-en-iraq","status":"publish","type":"post","link":"https:\/\/archive.sana.sy\/es\/?p=165861","title":{"rendered":"Capturan a un l\u00edder terrorista del Daesh en Iraq"},"content":{"rendered":"<p><span style=\"color: #800000;\">Bagdad, SANA<\/span><\/p>\n<p style=\"text-align: justify;\">Las Fuerzas Conjuntas de Iraq arrestaron a cuatro miembros de la organizaci\u00f3n terrorista de Daesh en la gobernaci\u00f3n de Anbar al oeste de Iraq.<\/p>\n<p style=\"text-align: justify;\">En un comunicado citado por el portal informativo \u201cSumaria News\u201d, el Ministerio de Interior iraqu\u00ed anunci\u00f3 que logr\u00f3 capturar al llamado \u201cministro de agricultura\u201d del Daesh y a tres de sus acompa\u00f1antes.<\/p>\n<p style=\"text-align: justify;\">Las fuerzas iraqu\u00edes siguen persiguiendo a los terroristas remanentes de Daesh en varias zonas en Iraq, y lograron eliminar y arrestar a varios de ellos.<\/p>\n<p><span style=\"color: #0000ff;\">rr\/fm<\/span><\/p>\n","protected":false},"excerpt":{"rendered":"<p>Bagdad, SANA Las Fuerzas Conjuntas de Iraq arrestaron a cuatro miembros de la organizaci\u00f3n terrorista de Daesh en la gobernaci\u00f3n de Anbar al oeste de Iraq. En un comunicado citado por el portal informativo \u201cSumaria News\u201d, el Ministerio de Interior iraqu\u00ed anunci\u00f3 que logr\u00f3 capturar al llamado \u201cministro de agricultura\u201d del Daesh y a tres &hellip;<\/p>\n","protected":false},"author":31,"featured_media":165862,"comment_status":"closed","ping_status":"closed","sticky":false,"template":"","format":"standard","meta":{"footnotes":""},"categories":[456],"tags":[],"class_list":["post-165861","post","type-post","status-publish","format-standard","has-post-thumbnail","","category-arabe-internacional-politica"],"_links":{"self":[{"href":"https:\/\/archive.sana.sy\/es\/index.php?rest_route=\/wp\/v2\/posts\/165861"}],"collection":[{"href":"https:\/\/archive.sana.sy\/es\/index.php?rest_route=\/wp\/v2\/posts"}],"about":[{"href":"https:\/\/archive.sana.sy\/es\/index.php?rest_route=\/wp\/v2\/types\/post"}],"author":[{"embeddable":true,"href":"https:\/\/archive.sana.sy\/es\/index.php?rest_route=\/wp\/v2\/users\/31"}],"replies":[{"embeddable":true,"href":"https:\/\/archive.sana.sy\/es\/index.php?rest_route=%2Fwp%2Fv2%2Fcomments&post=165861"}],"version-history":[{"count":0,"href":"https:\/\/archive.sana.sy\/es\/index.php?rest_route=\/wp\/v2\/posts\/165861\/revisions"}],"wp:featuredmedia":[{"embeddable":true,"href":"https:\/\/archive.sana.sy\/es\/index.php?rest_route=\/wp\/v2\/media\/165862"}],"wp:attachment":[{"href":"https:\/\/archive.sana.sy\/es\/index.php?rest_route=%2Fwp%2Fv2%2Fmedia&parent=165861"}],"wp:term":[{"taxonomy":"category","embeddable":true,"href":"https:\/\/archive.sana.sy\/es\/index.php?rest_route=%2Fwp%2Fv2%2Fcategories&post=165861"},{"taxonomy":"post_tag","embeddable":true,"href":"https:\/\/archive.sana.sy\/es\/index.php?rest_route=%2Fwp%2Fv2%2Ftags&post=165861"}],"curies":[{"name":"wp","href":"https:\/\/api.w.org\/{rel}","templated":true}]}}