{"id":165869,"date":"2021-01-08T22:57:28","date_gmt":"2021-01-08T20:57:28","guid":{"rendered":"http:\/\/107.6.182.27\/es\/?p=165869"},"modified":"2023-01-10T14:30:36","modified_gmt":"2023-01-10T12:30:36","slug":"siria-confirmo-95-casos-de-covid-19-en-la-ultima-jornada","status":"publish","type":"post","link":"https:\/\/archive.sana.sy\/es\/?p=165869","title":{"rendered":"Siria confirm\u00f3 95 casos de Covid-19 en la \u00faltima jornada"},"content":{"rendered":"<p style=\"text-align: justify;\"><span style=\"color: #800000;\"><strong>Damasco, SANA<\/strong><\/span><\/p>\n<p style=\"text-align: justify;\">El Ministerio de Salud de Siria anunci\u00f3 que en las \u00faltimas 24 horas, se confirmaron 95 nuevos casos de Covid-19, lo que eleva a 12 mil 179 la cifra a nivel nacional.<\/p>\n<p style=\"text-align: justify;\">En un comunicado, el ente agreg\u00f3 que 65 se recuperaron de esta enfermedad para un acumulado de cinco mil 889.<\/p>\n<p style=\"text-align: justify;\">\u00a0\u201cOcho enfermos fallecieron lo que eleva a 763 la cifra de decesos por este virus\u201d, precis\u00f3 la nota.<\/p>\n<p style=\"text-align: justify;\">Siria report\u00f3 el primer caso del nuevo Coronavirus el 22 de marzo del 2020. Asimismo, denunci\u00f3 que el bloqueo y las sanciones impuestas por EE.UU y la Uni\u00f3n Europea afectan sus capacidades para enfrentar esa pandemia.<\/p>\n<p style=\"text-align: justify;\"><span style=\"color: #0000ff;\"><strong>fm\/rr<\/strong><\/span><\/p>\n","protected":false},"excerpt":{"rendered":"<p>Damasco, SANA El Ministerio de Salud de Siria anunci\u00f3 que en las \u00faltimas 24 horas, se confirmaron 95 nuevos casos de Covid-19, lo que eleva a 12 mil 179 la cifra a nivel nacional. En un comunicado, el ente agreg\u00f3 que 65 se recuperaron de esta enfermedad para un acumulado de cinco mil 889. \u00a0\u201cOcho &hellip;<\/p>\n","protected":false},"author":34,"featured_media":165865,"comment_status":"closed","ping_status":"closed","sticky":false,"template":"","format":"standard","meta":{"footnotes":""},"categories":[447,597,476,7541],"tags":[],"class_list":["post-165869","post","type-post","status-publish","format-standard","has-post-thumbnail","","category-local-politica","category-cinta-de-noticias","category-locales","category-ultimas-noticias"],"_links":{"self":[{"href":"https:\/\/archive.sana.sy\/es\/index.php?rest_route=\/wp\/v2\/posts\/165869"}],"collection":[{"href":"https:\/\/archive.sana.sy\/es\/index.php?rest_route=\/wp\/v2\/posts"}],"about":[{"href":"https:\/\/archive.sana.sy\/es\/index.php?rest_route=\/wp\/v2\/types\/post"}],"author":[{"embeddable":true,"href":"https:\/\/archive.sana.sy\/es\/index.php?rest_route=\/wp\/v2\/users\/34"}],"replies":[{"embeddable":true,"href":"https:\/\/archive.sana.sy\/es\/index.php?rest_route=%2Fwp%2Fv2%2Fcomments&post=165869"}],"version-history":[{"count":0,"href":"https:\/\/archive.sana.sy\/es\/index.php?rest_route=\/wp\/v2\/posts\/165869\/revisions"}],"wp:featuredmedia":[{"embeddable":true,"href":"https:\/\/archive.sana.sy\/es\/index.php?rest_route=\/wp\/v2\/media\/165865"}],"wp:attachment":[{"href":"https:\/\/archive.sana.sy\/es\/index.php?rest_route=%2Fwp%2Fv2%2Fmedia&parent=165869"}],"wp:term":[{"taxonomy":"category","embeddable":true,"href":"https:\/\/archive.sana.sy\/es\/index.php?rest_route=%2Fwp%2Fv2%2Fcategories&post=165869"},{"taxonomy":"post_tag","embeddable":true,"href":"https:\/\/archive.sana.sy\/es\/index.php?rest_route=%2Fwp%2Fv2%2Ftags&post=165869"}],"curies":[{"name":"wp","href":"https:\/\/api.w.org\/{rel}","templated":true}]}}