{"id":165872,"date":"2021-01-09T07:55:16","date_gmt":"2021-01-09T05:55:16","guid":{"rendered":"http:\/\/107.6.182.27\/es\/?p=165872"},"modified":"2023-01-10T15:33:57","modified_gmt":"2023-01-10T13:33:57","slug":"siria-en-sintesis-09-de-enero-del-2021","status":"publish","type":"post","link":"https:\/\/archive.sana.sy\/es\/?p=165872","title":{"rendered":"Siria en S\u00edntesis, 09 de Enero del 2021"},"content":{"rendered":"<p style=\"text-align: justify;\"><span style=\"color: #800000;\"><strong>Damasco , SANA\u00a0<\/strong><\/span><\/p>\n<p style=\"text-align: justify;\">????Con limitados recursos, trabajadores de la central el\u00e9ctrica de Tishreen se esfuerzan para mantener el servicio el\u00e9ctrico<\/p>\n<p style=\"text-align: justify;\">????Rehabilitan 30 escuelas da\u00f1adas por el terrorismo en Hama<\/p>\n<p style=\"text-align: justify;\">????Palmira se recupera\u2026 contin\u00faan obras de remover los escombros y restablecer los servicios<\/p>\n<p style=\"text-align: justify;\">????Rehabilitado y reabierto el Hammam arqueol\u00f3gico al-Yadid en el viejo Alepo<\/p>\n<p style=\"text-align: justify;\">????Siria confirm\u00f3 95 casos de Covid-19 en la \u00faltima jornada<\/p>\n<p style=\"text-align: justify;\">????Central el\u00e9ctrica de Tal Tamer vuelve a operar tras repararla de los da\u00f1os sufridos por ataque del ocupante turco<\/p>\n<p style=\"text-align: justify;\">????El ocupante turco bombardea Tal Tamer en el norte de Hasakeh<\/p>\n<p style=\"text-align: justify;\">????Tres bajas en las filas de la milicia FDS en de Hasakeh y Deir Ezzor<\/p>\n<p style=\"text-align: justify;\">????Milicia FDS secuestra a varios civiles al este de Deir Ezzor<\/p>\n<p style=\"text-align: justify;\">????Erdogan viol\u00f3 el derecho internacional en Siria e Irak, afirma parlamentaria alemana<\/p>\n<p style=\"text-align: justify;\">????Decenas de palestinos asfixiados por gases lacrim\u00f3genos israel\u00edes en Cisjordania<\/p>\n<p style=\"text-align: justify;\">????Soldados israel\u00edes hieren a decenas de palestinos durante nueva incursi\u00f3n en aldeas y pueblos cisjordanos<\/p>\n<p style=\"text-align: justify;\">????Tres yemen\u00edes heridos por bombardeos de mercenarios sauditas contra la provincia de Taiz<\/p>\n<p style=\"text-align: justify;\">????Capturan a un l\u00edder terrorista del Daesh en Iraq<\/p>\n<p style=\"text-align: justify;\">????Nuevo ataque con explosivo contra un convoy de la coalici\u00f3n estadounidense en Irak<\/p>\n<p style=\"text-align: justify;\"><span style=\"color: #0000ff;\"><strong>fm\/ws<\/strong><\/span><\/p>\n","protected":false},"excerpt":{"rendered":"<p>Damasco , SANA\u00a0 ????Con limitados recursos, trabajadores de la central el\u00e9ctrica de Tishreen se esfuerzan para mantener el servicio el\u00e9ctrico ????Rehabilitan 30 escuelas da\u00f1adas por el terrorismo en Hama ????Palmira se recupera\u2026 contin\u00faan obras de remover los escombros y restablecer los servicios ????Rehabilitado y reabierto el Hammam arqueol\u00f3gico al-Yadid en el viejo Alepo ????Siria confirm\u00f3 &hellip;<\/p>\n","protected":false},"author":35,"featured_media":165873,"comment_status":"closed","ping_status":"closed","sticky":false,"template":"","format":"standard","meta":{"footnotes":""},"categories":[447,555,597,476,7541],"tags":[],"class_list":["post-165872","post","type-post","status-publish","format-standard","has-post-thumbnail","","category-local-politica","category-prensa","category-cinta-de-noticias","category-locales","category-ultimas-noticias"],"_links":{"self":[{"href":"https:\/\/archive.sana.sy\/es\/index.php?rest_route=\/wp\/v2\/posts\/165872"}],"collection":[{"href":"https:\/\/archive.sana.sy\/es\/index.php?rest_route=\/wp\/v2\/posts"}],"about":[{"href":"https:\/\/archive.sana.sy\/es\/index.php?rest_route=\/wp\/v2\/types\/post"}],"author":[{"embeddable":true,"href":"https:\/\/archive.sana.sy\/es\/index.php?rest_route=\/wp\/v2\/users\/35"}],"replies":[{"embeddable":true,"href":"https:\/\/archive.sana.sy\/es\/index.php?rest_route=%2Fwp%2Fv2%2Fcomments&post=165872"}],"version-history":[{"count":0,"href":"https:\/\/archive.sana.sy\/es\/index.php?rest_route=\/wp\/v2\/posts\/165872\/revisions"}],"wp:featuredmedia":[{"embeddable":true,"href":"https:\/\/archive.sana.sy\/es\/index.php?rest_route=\/wp\/v2\/media\/165873"}],"wp:attachment":[{"href":"https:\/\/archive.sana.sy\/es\/index.php?rest_route=%2Fwp%2Fv2%2Fmedia&parent=165872"}],"wp:term":[{"taxonomy":"category","embeddable":true,"href":"https:\/\/archive.sana.sy\/es\/index.php?rest_route=%2Fwp%2Fv2%2Fcategories&post=165872"},{"taxonomy":"post_tag","embeddable":true,"href":"https:\/\/archive.sana.sy\/es\/index.php?rest_route=%2Fwp%2Fv2%2Ftags&post=165872"}],"curies":[{"name":"wp","href":"https:\/\/api.w.org\/{rel}","templated":true}]}}