{"id":16589,"date":"2015-01-22T20:04:59","date_gmt":"2015-01-22T18:04:59","guid":{"rendered":"http:\/\/www.sana.sy\/es\/?p=16589"},"modified":"2015-01-24T11:43:47","modified_gmt":"2015-01-24T09:43:47","slug":"ministro-de-defensa-visita-varias-unidades-militares-en-la-region-sur-2","status":"publish","type":"post","link":"https:\/\/archive.sana.sy\/es\/?p=16589","title":{"rendered":"Ministro de Defensa visita varias unidades militares en la regi\u00f3n sur"},"content":{"rendered":"<p>Damasco, SANA<br \/>\nEl vicecomandante general del Ej\u00e9rcito y las Fuerzas Armadas, ministro de Defensa, general Fahed Yassem Freiy, flanqueado por oficiales de alto rango del Mando General, visit\u00f3 hoy jueves varias unidades castrenses y puestos militares en la regi\u00f3n sur.<\/p>\n<p>El Ministro de Defensa inspeccion\u00f3 la alerta de las fuerzas armadas y sus preparativos para hacer frente a los terroristas y defender las zonas civiles seguras.<\/p>\n<p>El titular de Defensa asegur\u00f3 que nuestras Fuerzas Armadas est\u00e1n hoy m\u00e1s determinados y con m\u00e1s poder para luchar contra los terroristas y erradicarlos, por m\u00e1s que se var\u00edan los tipos de apoyo prestados por las partes involucradas en la agresi\u00f3n contra Siria, encabezadas por el enemigo israel\u00ed.<\/p>\n<p>Asimismo trasmiti\u00f3 los saludos del presidente Bashar Al-Assad a los soldados h\u00e9roes, recalcando que la victoria de Siria se lograr\u00e1 gracias a sus sacrificios.<\/p>\n<p>El general Freiy orden\u00f3 a los comandantes de campo a mantenerse alertas frente a los terroristas, elogiando la alta moral que guardan las fuerzas armadas.<\/p>\n<div id='gallery-1' class='gallery galleryid-16589 gallery-columns-3 gallery-size-thumbnail'><figure class='gallery-item'>\n\t\t\t<div class='gallery-icon landscape'>\n\t\t\t\t<a href='https:\/\/archive.sana.sy\/es\/wp-content\/uploads\/2015\/01\/general-Freiy.jpg'><img loading=\"lazy\" decoding=\"async\" width=\"150\" height=\"80\" src=\"https:\/\/archive.sana.sy\/es\/wp-content\/uploads\/2015\/01\/general-Freiy-150x80.jpg\" class=\"attachment-thumbnail size-thumbnail\" alt=\"\" srcset=\"https:\/\/archive.sana.sy\/es\/wp-content\/uploads\/2015\/01\/general-Freiy-150x80.jpg 150w, https:\/\/archive.sana.sy\/es\/wp-content\/uploads\/2015\/01\/general-Freiy-300x160.jpg 300w, https:\/\/archive.sana.sy\/es\/wp-content\/uploads\/2015\/01\/general-Freiy.jpg 620w\" sizes=\"(max-width: 150px) 100vw, 150px\" \/><\/a>\n\t\t\t<\/div><\/figure><figure class='gallery-item'>\n\t\t\t<div class='gallery-icon landscape'>\n\t\t\t\t<a href='https:\/\/archive.sana.sy\/es\/wp-content\/uploads\/2015\/01\/General-Freiy-2.jpg'><img loading=\"lazy\" decoding=\"async\" width=\"150\" height=\"103\" src=\"https:\/\/archive.sana.sy\/es\/wp-content\/uploads\/2015\/01\/General-Freiy-2-150x103.jpg\" class=\"attachment-thumbnail size-thumbnail\" alt=\"\" srcset=\"https:\/\/archive.sana.sy\/es\/wp-content\/uploads\/2015\/01\/General-Freiy-2-150x103.jpg 150w, https:\/\/archive.sana.sy\/es\/wp-content\/uploads\/2015\/01\/General-Freiy-2-300x207.jpg 300w, https:\/\/archive.sana.sy\/es\/wp-content\/uploads\/2015\/01\/General-Freiy-2-1024x706.jpg 1024w\" sizes=\"(max-width: 150px) 100vw, 150px\" \/><\/a>\n\t\t\t<\/div><\/figure>\n\t\t<\/div>\n\n<p>Lynn A., Riyad Sh,<\/p>\n","protected":false},"excerpt":{"rendered":"<p>Damasco, SANA El vicecomandante general del Ej\u00e9rcito y las Fuerzas Armadas, ministro de Defensa, general Fahed Yassem Freiy, flanqueado por oficiales de alto rango del Mando General, visit\u00f3 hoy jueves varias unidades castrenses y puestos militares en la regi\u00f3n sur. El Ministro de Defensa inspeccion\u00f3 la alerta de las fuerzas armadas y sus preparativos para &hellip;<\/p>\n","protected":false},"author":24,"featured_media":16591,"comment_status":"closed","ping_status":"closed","sticky":false,"template":"","format":"standard","meta":{"footnotes":""},"categories":[477,476],"tags":[3756],"class_list":["post-16589","post","type-post","status-publish","format-standard","has-post-thumbnail","","category-noticias-edulcorantes","category-locales","tag-ministro-de-defensa-visita-varias-unidades-militares-en-la-region-sur"],"_links":{"self":[{"href":"https:\/\/archive.sana.sy\/es\/index.php?rest_route=\/wp\/v2\/posts\/16589"}],"collection":[{"href":"https:\/\/archive.sana.sy\/es\/index.php?rest_route=\/wp\/v2\/posts"}],"about":[{"href":"https:\/\/archive.sana.sy\/es\/index.php?rest_route=\/wp\/v2\/types\/post"}],"author":[{"embeddable":true,"href":"https:\/\/archive.sana.sy\/es\/index.php?rest_route=\/wp\/v2\/users\/24"}],"replies":[{"embeddable":true,"href":"https:\/\/archive.sana.sy\/es\/index.php?rest_route=%2Fwp%2Fv2%2Fcomments&post=16589"}],"version-history":[{"count":0,"href":"https:\/\/archive.sana.sy\/es\/index.php?rest_route=\/wp\/v2\/posts\/16589\/revisions"}],"wp:featuredmedia":[{"embeddable":true,"href":"https:\/\/archive.sana.sy\/es\/index.php?rest_route=\/wp\/v2\/media\/16591"}],"wp:attachment":[{"href":"https:\/\/archive.sana.sy\/es\/index.php?rest_route=%2Fwp%2Fv2%2Fmedia&parent=16589"}],"wp:term":[{"taxonomy":"category","embeddable":true,"href":"https:\/\/archive.sana.sy\/es\/index.php?rest_route=%2Fwp%2Fv2%2Fcategories&post=16589"},{"taxonomy":"post_tag","embeddable":true,"href":"https:\/\/archive.sana.sy\/es\/index.php?rest_route=%2Fwp%2Fv2%2Ftags&post=16589"}],"curies":[{"name":"wp","href":"https:\/\/api.w.org\/{rel}","templated":true}]}}