{"id":16595,"date":"2015-01-22T20:29:31","date_gmt":"2015-01-22T18:29:31","guid":{"rendered":"http:\/\/www.sana.sy\/es\/?p=16595"},"modified":"2015-01-22T20:32:17","modified_gmt":"2015-01-22T18:32:17","slug":"bogdanov-y-el-embajador-de-siria-en-rusia-examinan-los-preparativos-de-la-reunion-consultiva-de-moscu","status":"publish","type":"post","link":"https:\/\/archive.sana.sy\/es\/?p=16595","title":{"rendered":"Bogdanov examina con el embajador de Siria en Rusia los preparativos de la reuni\u00f3n consultiva de Mosc\u00fa"},"content":{"rendered":"<p>Mosc\u00fa, SANA<\/p>\n<p>El vicecanciller, Mijael Bogdanov examin\u00f3 con el embajador de Siria en Mosc\u00fa, Riyad Hadad el desarrollo de la situaci\u00f3n en Siria y la necesidad de alcanzar una soluci\u00f3n de su crisis lo antes posible.<\/p>\n<p>Ambas partes abordaron los preparativos de la reuni\u00f3n consultiva que se desarrollar\u00e1 en Mosc\u00fa entre el 26 y 29 del mes en curso, se\u00f1al\u00f3 un comunicado emitido este jueves por la Canciller\u00eda rusa.<br \/>\nLynn A.<\/p>\n","protected":false},"excerpt":{"rendered":"<p>Mosc\u00fa, SANA El vicecanciller, Mijael Bogdanov examin\u00f3 con el embajador de Siria en Mosc\u00fa, Riyad Hadad el desarrollo de la situaci\u00f3n en Siria y la necesidad de alcanzar una soluci\u00f3n de su crisis lo antes posible. Ambas partes abordaron los preparativos de la reuni\u00f3n consultiva que se desarrollar\u00e1 en Mosc\u00fa entre el 26 y 29 &hellip;<\/p>\n","protected":false},"author":24,"featured_media":16171,"comment_status":"closed","ping_status":"closed","sticky":false,"template":"","format":"standard","meta":{"footnotes":""},"categories":[597,456,457,576],"tags":[3757],"class_list":["post-16595","post","type-post","status-publish","format-standard","has-post-thumbnail","","category-cinta-de-noticias","category-arabe-internacional-politica","category-noticias-arabe-internacional-politica","category-noticias-politicas","tag-bogdanov-y-el-embajador-de-siria-en-rusia-examinan-los-preparativos-de-la-reunion-consultiva-de-moscu"],"_links":{"self":[{"href":"https:\/\/archive.sana.sy\/es\/index.php?rest_route=\/wp\/v2\/posts\/16595"}],"collection":[{"href":"https:\/\/archive.sana.sy\/es\/index.php?rest_route=\/wp\/v2\/posts"}],"about":[{"href":"https:\/\/archive.sana.sy\/es\/index.php?rest_route=\/wp\/v2\/types\/post"}],"author":[{"embeddable":true,"href":"https:\/\/archive.sana.sy\/es\/index.php?rest_route=\/wp\/v2\/users\/24"}],"replies":[{"embeddable":true,"href":"https:\/\/archive.sana.sy\/es\/index.php?rest_route=%2Fwp%2Fv2%2Fcomments&post=16595"}],"version-history":[{"count":0,"href":"https:\/\/archive.sana.sy\/es\/index.php?rest_route=\/wp\/v2\/posts\/16595\/revisions"}],"wp:featuredmedia":[{"embeddable":true,"href":"https:\/\/archive.sana.sy\/es\/index.php?rest_route=\/wp\/v2\/media\/16171"}],"wp:attachment":[{"href":"https:\/\/archive.sana.sy\/es\/index.php?rest_route=%2Fwp%2Fv2%2Fmedia&parent=16595"}],"wp:term":[{"taxonomy":"category","embeddable":true,"href":"https:\/\/archive.sana.sy\/es\/index.php?rest_route=%2Fwp%2Fv2%2Fcategories&post=16595"},{"taxonomy":"post_tag","embeddable":true,"href":"https:\/\/archive.sana.sy\/es\/index.php?rest_route=%2Fwp%2Fv2%2Ftags&post=16595"}],"curies":[{"name":"wp","href":"https:\/\/api.w.org\/{rel}","templated":true}]}}