{"id":166058,"date":"2021-01-11T07:08:43","date_gmt":"2021-01-11T05:08:43","guid":{"rendered":"http:\/\/107.6.182.27\/es\/?p=166058"},"modified":"2023-01-10T15:28:45","modified_gmt":"2023-01-10T13:28:45","slug":"arranca-en-homs-el-festival-de-compras-made-in-syria","status":"publish","type":"post","link":"https:\/\/archive.sana.sy\/es\/?p=166058","title":{"rendered":"Arranca en Homs el festival de compras &#8220;Made in Syria&#8221;"},"content":{"rendered":"<p style=\"text-align: justify;\"><span style=\"color: #800000;\"><strong>Homs, SANA<\/strong><\/span><\/p>\n<p style=\"text-align: justify;\">Con la participaci\u00f3n de 110 empresas industriales nacionales, arranc\u00f3 en la ciudad central de Homs, el festival mensual de compras \u201cMade in Syria\u201d en su 111\u00aa edici\u00f3n.<\/p>\n<p style=\"text-align: justify;\"><img loading=\"lazy\" decoding=\"async\" class=\"size-medium wp-image-166060 alignleft\" src=\"http:\/\/107.6.182.27\/es\/wp-content\/uploads\/2021\/01\/2-93-300x180.jpg\" alt=\"\" width=\"300\" height=\"180\" srcset=\"https:\/\/archive.sana.sy\/es\/wp-content\/uploads\/2021\/01\/2-93-300x180.jpg 300w, https:\/\/archive.sana.sy\/es\/wp-content\/uploads\/2021\/01\/2-93-150x90.jpg 150w, https:\/\/archive.sana.sy\/es\/wp-content\/uploads\/2021\/01\/2-93-768x461.jpg 768w, https:\/\/archive.sana.sy\/es\/wp-content\/uploads\/2021\/01\/2-93.jpg 1000w\" sizes=\"(max-width: 300px) 100vw, 300px\" \/>El evento es organizado por la C\u00e1mara de Industria de Damasco y su campo en cooperaci\u00f3n con la C\u00e1mara de Industria de Homs, y continuar\u00e1 hasta el pr\u00f3ximo domingo.<\/p>\n<p style=\"text-align: justify;\">Se exhibe en la feria una canasta integrada de bienes de consumo, alimentos, consolas, bebidas, detergentes, ropa, electrodom\u00e9sticos, cosm\u00e9ticos, accesorios y carteras de cuero \u00a0a precios competitivos para las personas de escasos recursos.<\/p>\n<p style=\"text-align: justify;\"><span style=\"color: #0000ff;\"><strong>fm<\/strong><\/span><\/p>\n","protected":false},"excerpt":{"rendered":"<p>Homs, SANA Con la participaci\u00f3n de 110 empresas industriales nacionales, arranc\u00f3 en la ciudad central de Homs, el festival mensual de compras \u201cMade in Syria\u201d en su 111\u00aa edici\u00f3n. El evento es organizado por la C\u00e1mara de Industria de Damasco y su campo en cooperaci\u00f3n con la C\u00e1mara de Industria de Homs, y continuar\u00e1 hasta &hellip;<\/p>\n","protected":false},"author":34,"featured_media":166059,"comment_status":"closed","ping_status":"closed","sticky":false,"template":"","format":"standard","meta":{"footnotes":""},"categories":[477,447,597,16686,485,476,457,7541],"tags":[],"class_list":["post-166058","post","type-post","status-publish","format-standard","has-post-thumbnail","","category-noticias-edulcorantes","category-local-politica","category-cinta-de-noticias","category-economia","category-informes-negocios-y-finanzas","category-locales","category-noticias-arabe-internacional-politica","category-ultimas-noticias"],"_links":{"self":[{"href":"https:\/\/archive.sana.sy\/es\/index.php?rest_route=\/wp\/v2\/posts\/166058"}],"collection":[{"href":"https:\/\/archive.sana.sy\/es\/index.php?rest_route=\/wp\/v2\/posts"}],"about":[{"href":"https:\/\/archive.sana.sy\/es\/index.php?rest_route=\/wp\/v2\/types\/post"}],"author":[{"embeddable":true,"href":"https:\/\/archive.sana.sy\/es\/index.php?rest_route=\/wp\/v2\/users\/34"}],"replies":[{"embeddable":true,"href":"https:\/\/archive.sana.sy\/es\/index.php?rest_route=%2Fwp%2Fv2%2Fcomments&post=166058"}],"version-history":[{"count":0,"href":"https:\/\/archive.sana.sy\/es\/index.php?rest_route=\/wp\/v2\/posts\/166058\/revisions"}],"wp:featuredmedia":[{"embeddable":true,"href":"https:\/\/archive.sana.sy\/es\/index.php?rest_route=\/wp\/v2\/media\/166059"}],"wp:attachment":[{"href":"https:\/\/archive.sana.sy\/es\/index.php?rest_route=%2Fwp%2Fv2%2Fmedia&parent=166058"}],"wp:term":[{"taxonomy":"category","embeddable":true,"href":"https:\/\/archive.sana.sy\/es\/index.php?rest_route=%2Fwp%2Fv2%2Fcategories&post=166058"},{"taxonomy":"post_tag","embeddable":true,"href":"https:\/\/archive.sana.sy\/es\/index.php?rest_route=%2Fwp%2Fv2%2Ftags&post=166058"}],"curies":[{"name":"wp","href":"https:\/\/api.w.org\/{rel}","templated":true}]}}