{"id":166082,"date":"2021-01-11T07:07:11","date_gmt":"2021-01-11T05:07:11","guid":{"rendered":"http:\/\/107.6.182.27\/es\/?p=166082"},"modified":"2023-01-12T14:42:13","modified_gmt":"2023-01-12T12:42:13","slug":"seis-palestinos-resultaron-heridos-por-fuego-israeli-en-cisjordania","status":"publish","type":"post","link":"https:\/\/archive.sana.sy\/es\/?p=166082","title":{"rendered":"Seis palestinos resultaron heridos por fuego israel\u00ed en Cisjordania"},"content":{"rendered":"<p><strong><span style=\"color: #800000;\">Jerusal\u00e9n ocupada, SANA<\/span><\/strong><\/p>\n<p>Seis palestinos resultaron heridos por disparos de las fuerzas de ocupaci\u00f3n israel\u00eds, al sur de Tulkarm en Cisjordania.<\/p>\n<p>Seg\u00fan difundi\u00f3 la agencia palestina WAFa, las fuerzas de ocupaci\u00f3n en uno de sus puestos de control al oeste de la ciudad de Farun, al sur de Tulkarm, abrieron el fuego contra los palestinos e hirieron a seis.<\/p>\n<p>Los soldados israel\u00edes contin\u00faan sus pr\u00e1cticas agresivas contra los palestinos y asaltaron sus ciudades con el objetivo de desplazarlos, apoderarse de sus tierras y judaizarlas.<\/p>\n<p>Asimismo, las fuerzas sionistas arrestaron el lunes a 10 palestinos en diferentes \u00e1reas de Cisjordania.<\/p>\n<p><strong><span style=\"color: #0000ff;\">ed\/fm<\/span><\/strong><\/p>\n","protected":false},"excerpt":{"rendered":"<p>Jerusal\u00e9n ocupada, SANA Seis palestinos resultaron heridos por disparos de las fuerzas de ocupaci\u00f3n israel\u00eds, al sur de Tulkarm en Cisjordania. Seg\u00fan difundi\u00f3 la agencia palestina WAFa, las fuerzas de ocupaci\u00f3n en uno de sus puestos de control al oeste de la ciudad de Farun, al sur de Tulkarm, abrieron el fuego contra los palestinos &hellip;<\/p>\n","protected":false},"author":32,"featured_media":166083,"comment_status":"closed","ping_status":"closed","sticky":false,"template":"","format":"standard","meta":{"footnotes":""},"categories":[597,456,7541],"tags":[],"class_list":["post-166082","post","type-post","status-publish","format-standard","has-post-thumbnail","","category-cinta-de-noticias","category-arabe-internacional-politica","category-ultimas-noticias"],"_links":{"self":[{"href":"https:\/\/archive.sana.sy\/es\/index.php?rest_route=\/wp\/v2\/posts\/166082"}],"collection":[{"href":"https:\/\/archive.sana.sy\/es\/index.php?rest_route=\/wp\/v2\/posts"}],"about":[{"href":"https:\/\/archive.sana.sy\/es\/index.php?rest_route=\/wp\/v2\/types\/post"}],"author":[{"embeddable":true,"href":"https:\/\/archive.sana.sy\/es\/index.php?rest_route=\/wp\/v2\/users\/32"}],"replies":[{"embeddable":true,"href":"https:\/\/archive.sana.sy\/es\/index.php?rest_route=%2Fwp%2Fv2%2Fcomments&post=166082"}],"version-history":[{"count":0,"href":"https:\/\/archive.sana.sy\/es\/index.php?rest_route=\/wp\/v2\/posts\/166082\/revisions"}],"wp:featuredmedia":[{"embeddable":true,"href":"https:\/\/archive.sana.sy\/es\/index.php?rest_route=\/wp\/v2\/media\/166083"}],"wp:attachment":[{"href":"https:\/\/archive.sana.sy\/es\/index.php?rest_route=%2Fwp%2Fv2%2Fmedia&parent=166082"}],"wp:term":[{"taxonomy":"category","embeddable":true,"href":"https:\/\/archive.sana.sy\/es\/index.php?rest_route=%2Fwp%2Fv2%2Fcategories&post=166082"},{"taxonomy":"post_tag","embeddable":true,"href":"https:\/\/archive.sana.sy\/es\/index.php?rest_route=%2Fwp%2Fv2%2Ftags&post=166082"}],"curies":[{"name":"wp","href":"https:\/\/api.w.org\/{rel}","templated":true}]}}