{"id":166118,"date":"2021-01-11T07:55:15","date_gmt":"2021-01-11T05:55:15","guid":{"rendered":"http:\/\/107.6.182.27\/es\/?p=166118"},"modified":"2021-01-11T21:39:16","modified_gmt":"2021-01-11T19:39:16","slug":"pedersen-y-asghar-khaji-repasaron-la-situacion-en-siria","status":"publish","type":"post","link":"https:\/\/archive.sana.sy\/es\/?p=166118","title":{"rendered":"Pedersen y Khaji repasaron la situaci\u00f3n en Siria"},"content":{"rendered":"<p><span style=\"color: #800000;\">Teher\u00e1n, SANA<\/span><\/p>\n<p style=\"text-align: justify;\">El Enviado Especial del Secretario General de la ONU, Geir Pedersen, y el Principal Asistente del Ministro de Exteriores iran\u00ed para Asuntos Pol\u00edticos Especiales, Ali Asghar Khaji, examinaron este lunes la situaci\u00f3n en Siria.<\/p>\n<p style=\"text-align: justify;\">\u201cLas dos partes tambi\u00e9n discutieron la pr\u00f3xima reuni\u00f3n del Comit\u00e9 Constitucional y la evoluci\u00f3n del proceso de Astan\u00e1 \u201d, afirm\u00f3 la Administraci\u00f3n General de Informaci\u00f3n y Asuntos del Portavoz de la Canciller\u00eda de Ir\u00e1n.<\/p>\n<p style=\"text-align: justify;\">Expresaron su preocupaci\u00f3n por la reciente escalada resultante de las pr\u00e1cticas de los grupos terroristas y se\u00f1alaron la necesidad de continuar la lucha contra el terrorismo.<\/p>\n<p style=\"text-align: justify;\">La 4\u00aa ronda de reuniones del Comit\u00e9 Constitucional fue celebrada del 30 de noviembre al 4 de diciembre de 2020.<\/p>\n<p><span style=\"color: #0000ff;\">rr\/fm<\/span><\/p>\n","protected":false},"excerpt":{"rendered":"<p>Teher\u00e1n, SANA El Enviado Especial del Secretario General de la ONU, Geir Pedersen, y el Principal Asistente del Ministro de Exteriores iran\u00ed para Asuntos Pol\u00edticos Especiales, Ali Asghar Khaji, examinaron este lunes la situaci\u00f3n en Siria. \u201cLas dos partes tambi\u00e9n discutieron la pr\u00f3xima reuni\u00f3n del Comit\u00e9 Constitucional y la evoluci\u00f3n del proceso de Astan\u00e1 \u201d, &hellip;<\/p>\n","protected":false},"author":31,"featured_media":166119,"comment_status":"closed","ping_status":"closed","sticky":false,"template":"","format":"standard","meta":{"footnotes":""},"categories":[597,467,7541],"tags":[],"class_list":["post-166118","post","type-post","status-publish","format-standard","has-post-thumbnail","","category-cinta-de-noticias","category-siria-y-el-mundo","category-ultimas-noticias"],"_links":{"self":[{"href":"https:\/\/archive.sana.sy\/es\/index.php?rest_route=\/wp\/v2\/posts\/166118"}],"collection":[{"href":"https:\/\/archive.sana.sy\/es\/index.php?rest_route=\/wp\/v2\/posts"}],"about":[{"href":"https:\/\/archive.sana.sy\/es\/index.php?rest_route=\/wp\/v2\/types\/post"}],"author":[{"embeddable":true,"href":"https:\/\/archive.sana.sy\/es\/index.php?rest_route=\/wp\/v2\/users\/31"}],"replies":[{"embeddable":true,"href":"https:\/\/archive.sana.sy\/es\/index.php?rest_route=%2Fwp%2Fv2%2Fcomments&post=166118"}],"version-history":[{"count":0,"href":"https:\/\/archive.sana.sy\/es\/index.php?rest_route=\/wp\/v2\/posts\/166118\/revisions"}],"wp:featuredmedia":[{"embeddable":true,"href":"https:\/\/archive.sana.sy\/es\/index.php?rest_route=\/wp\/v2\/media\/166119"}],"wp:attachment":[{"href":"https:\/\/archive.sana.sy\/es\/index.php?rest_route=%2Fwp%2Fv2%2Fmedia&parent=166118"}],"wp:term":[{"taxonomy":"category","embeddable":true,"href":"https:\/\/archive.sana.sy\/es\/index.php?rest_route=%2Fwp%2Fv2%2Fcategories&post=166118"},{"taxonomy":"post_tag","embeddable":true,"href":"https:\/\/archive.sana.sy\/es\/index.php?rest_route=%2Fwp%2Fv2%2Ftags&post=166118"}],"curies":[{"name":"wp","href":"https:\/\/api.w.org\/{rel}","templated":true}]}}