{"id":166127,"date":"2021-01-12T07:16:03","date_gmt":"2021-01-12T05:16:03","guid":{"rendered":"http:\/\/107.6.182.27\/es\/?p=166127"},"modified":"2023-01-12T14:42:13","modified_gmt":"2023-01-12T12:42:13","slug":"cuba-condena-anuncio-estadounidense-de-incluirla-en-lista-de-estados-patrocinadores-del-terrorismo","status":"publish","type":"post","link":"https:\/\/archive.sana.sy\/es\/?p=166127","title":{"rendered":"Cuba condena anuncio estadounidense de incluirla en lista de estados patrocinadores del terrorismo"},"content":{"rendered":"<p style=\"text-align: justify;\"><span style=\"color: #800000;\"><strong>La Habana, SANA<\/strong><\/span><\/p>\n<p style=\"text-align: justify;\">El Ministro de Relaciones Exteriores de Cuba, Bruno Rodr\u00edguez, conden\u00f3 el &#8220;oportunismo pol\u00edtico&#8221; de la administraci\u00f3n del presidente saliente de Estados Unidos, Donald Trump, luego de que volver a incluir a Cuba en la lista de &#8220;estados patrocinadores del terrorismo&#8221;.<\/p>\n<p style=\"text-align: justify;\">\u201cCondenamos la hip\u00f3crita y c\u00ednica calificaci\u00f3n de Cuba como Estado patrocinador del terrorismo, anunciada por EEUU\u201d, dijo el canciller cubano en su su cuenta de Twitter.<\/p>\n<p style=\"text-align: justify;\">A\u00f1adi\u00f3 que el oportunismo pol\u00edtico de esta acci\u00f3n es reconocido por todo el que tenga una preocupaci\u00f3n honesta ante el flagelo del terrorismo y sus v\u00edctimas.<\/p>\n<p style=\"text-align: justify;\">El secretario de Estado de EE.UU, Mike Pompeo, \u00a0anunci\u00f3 la reincorporaci\u00f3n de Cuba a la lista negra de pa\u00edses que apoyan el terrorismo\u201d, luego de que la administraci\u00f3n del expresidente Barack Obama la eliminara de esta lista.<\/p>\n<p style=\"text-align: justify;\"><span style=\"color: #0000ff;\"><strong>fm<\/strong><\/span><\/p>\n","protected":false},"excerpt":{"rendered":"<p>La Habana, SANA El Ministro de Relaciones Exteriores de Cuba, Bruno Rodr\u00edguez, conden\u00f3 el &#8220;oportunismo pol\u00edtico&#8221; de la administraci\u00f3n del presidente saliente de Estados Unidos, Donald Trump, luego de que volver a incluir a Cuba en la lista de &#8220;estados patrocinadores del terrorismo&#8221;. \u201cCondenamos la hip\u00f3crita y c\u00ednica calificaci\u00f3n de Cuba como Estado patrocinador del &hellip;<\/p>\n","protected":false},"author":34,"featured_media":166128,"comment_status":"closed","ping_status":"closed","sticky":false,"template":"","format":"standard","meta":{"footnotes":""},"categories":[597,456,7541],"tags":[],"class_list":["post-166127","post","type-post","status-publish","format-standard","has-post-thumbnail","","category-cinta-de-noticias","category-arabe-internacional-politica","category-ultimas-noticias"],"_links":{"self":[{"href":"https:\/\/archive.sana.sy\/es\/index.php?rest_route=\/wp\/v2\/posts\/166127"}],"collection":[{"href":"https:\/\/archive.sana.sy\/es\/index.php?rest_route=\/wp\/v2\/posts"}],"about":[{"href":"https:\/\/archive.sana.sy\/es\/index.php?rest_route=\/wp\/v2\/types\/post"}],"author":[{"embeddable":true,"href":"https:\/\/archive.sana.sy\/es\/index.php?rest_route=\/wp\/v2\/users\/34"}],"replies":[{"embeddable":true,"href":"https:\/\/archive.sana.sy\/es\/index.php?rest_route=%2Fwp%2Fv2%2Fcomments&post=166127"}],"version-history":[{"count":0,"href":"https:\/\/archive.sana.sy\/es\/index.php?rest_route=\/wp\/v2\/posts\/166127\/revisions"}],"wp:featuredmedia":[{"embeddable":true,"href":"https:\/\/archive.sana.sy\/es\/index.php?rest_route=\/wp\/v2\/media\/166128"}],"wp:attachment":[{"href":"https:\/\/archive.sana.sy\/es\/index.php?rest_route=%2Fwp%2Fv2%2Fmedia&parent=166127"}],"wp:term":[{"taxonomy":"category","embeddable":true,"href":"https:\/\/archive.sana.sy\/es\/index.php?rest_route=%2Fwp%2Fv2%2Fcategories&post=166127"},{"taxonomy":"post_tag","embeddable":true,"href":"https:\/\/archive.sana.sy\/es\/index.php?rest_route=%2Fwp%2Fv2%2Ftags&post=166127"}],"curies":[{"name":"wp","href":"https:\/\/api.w.org\/{rel}","templated":true}]}}