{"id":16614,"date":"2015-01-22T20:01:19","date_gmt":"2015-01-22T18:01:19","guid":{"rendered":"http:\/\/www.sana.sy\/es\/?p=16614"},"modified":"2015-01-22T20:01:19","modified_gmt":"2015-01-22T18:01:19","slug":"fuente-diplomatica-rusa-la-oposicion-siria-sera-bien-representada-en-la-reunion-de-moscu","status":"publish","type":"post","link":"https:\/\/archive.sana.sy\/es\/?p=16614","title":{"rendered":"Fuente diplom\u00e1tica rusa: la \u201coposici\u00f3n siria\u201d ser\u00e1 bien representada en la reuni\u00f3n de Mosc\u00fa"},"content":{"rendered":"<p>Mosc\u00fa, SANA<\/p>\n<p>Una fuente diplom\u00e1tica rusa anunci\u00f3 hoy jueves que la \u201coposici\u00f3n siria\u201d tendr\u00e1 una buena representaci\u00f3n en la reuni\u00f3n consultiva que se celebrar\u00e1 en Mosc\u00fa a finales del mes en curso.<\/p>\n<p>La fuente agreg\u00f3 que \u201cel gobierno sirio ratific\u00f3 su determinaci\u00f3n de juntarse a las negociaciones, pues una delegaci\u00f3n gubernamental acudir\u00e1 m\u00e1s tarde a Mosc\u00fa\u201d.<\/p>\n<p>En este contexto aclar\u00f3 que una reuni\u00f3n entre los opositores y los representantes de la sociedad civil se celebrar\u00e1 en un comienzo, y luego se les sumar\u00e1 una delegaci\u00f3n gubernamental.<\/p>\n<p>Asimismo hizo referencia a que Mosc\u00fa espera la participaci\u00f3n de m\u00e1s de 30 opositores pol\u00edticos en la reuni\u00f3n consultiva a la que acudir\u00e1 los representantes del Gobierno sirio, agregando que la lista de participantes sigue ampli\u00e1ndose, por ello no se puede hablar de una lista definitiva hasta el arranque de la reuni\u00f3n el d\u00eda 26 del mes en curso.<\/p>\n<p>En este sentido, la fuente se\u00f1al\u00f3 que la \u201cCoalici\u00f3n de los Opositores\u201d se neg\u00f3 a participar en la reuni\u00f3n de Mosc\u00fa, agregando que la misma no representa a todos los espectros de la oposici\u00f3n, por lo tanto no hay de considerar su falta de participaci\u00f3n como \u201cuna cat\u00e1strofe\u201d, acot\u00f3.<br \/>\nLynn A., Riyad Sh.<\/p>\n","protected":false},"excerpt":{"rendered":"<p>Mosc\u00fa, SANA Una fuente diplom\u00e1tica rusa anunci\u00f3 hoy jueves que la \u201coposici\u00f3n siria\u201d tendr\u00e1 una buena representaci\u00f3n en la reuni\u00f3n consultiva que se celebrar\u00e1 en Mosc\u00fa a finales del mes en curso. La fuente agreg\u00f3 que \u201cel gobierno sirio ratific\u00f3 su determinaci\u00f3n de juntarse a las negociaciones, pues una delegaci\u00f3n gubernamental acudir\u00e1 m\u00e1s tarde a &hellip;<\/p>\n","protected":false},"author":24,"featured_media":13914,"comment_status":"closed","ping_status":"closed","sticky":false,"template":"","format":"standard","meta":{"footnotes":""},"categories":[597,456,457,576],"tags":[3759],"class_list":["post-16614","post","type-post","status-publish","format-standard","has-post-thumbnail","","category-cinta-de-noticias","category-arabe-internacional-politica","category-noticias-arabe-internacional-politica","category-noticias-politicas","tag-fuente-diplomatica-rusa-la-oposicion-siria-sera-bien-representada-en-la-reunion-de-moscu"],"_links":{"self":[{"href":"https:\/\/archive.sana.sy\/es\/index.php?rest_route=\/wp\/v2\/posts\/16614"}],"collection":[{"href":"https:\/\/archive.sana.sy\/es\/index.php?rest_route=\/wp\/v2\/posts"}],"about":[{"href":"https:\/\/archive.sana.sy\/es\/index.php?rest_route=\/wp\/v2\/types\/post"}],"author":[{"embeddable":true,"href":"https:\/\/archive.sana.sy\/es\/index.php?rest_route=\/wp\/v2\/users\/24"}],"replies":[{"embeddable":true,"href":"https:\/\/archive.sana.sy\/es\/index.php?rest_route=%2Fwp%2Fv2%2Fcomments&post=16614"}],"version-history":[{"count":0,"href":"https:\/\/archive.sana.sy\/es\/index.php?rest_route=\/wp\/v2\/posts\/16614\/revisions"}],"wp:featuredmedia":[{"embeddable":true,"href":"https:\/\/archive.sana.sy\/es\/index.php?rest_route=\/wp\/v2\/media\/13914"}],"wp:attachment":[{"href":"https:\/\/archive.sana.sy\/es\/index.php?rest_route=%2Fwp%2Fv2%2Fmedia&parent=16614"}],"wp:term":[{"taxonomy":"category","embeddable":true,"href":"https:\/\/archive.sana.sy\/es\/index.php?rest_route=%2Fwp%2Fv2%2Fcategories&post=16614"},{"taxonomy":"post_tag","embeddable":true,"href":"https:\/\/archive.sana.sy\/es\/index.php?rest_route=%2Fwp%2Fv2%2Ftags&post=16614"}],"curies":[{"name":"wp","href":"https:\/\/api.w.org\/{rel}","templated":true}]}}