{"id":166272,"date":"2021-01-14T07:26:37","date_gmt":"2021-01-14T05:26:37","guid":{"rendered":"http:\/\/107.6.182.27\/es\/?p=166272"},"modified":"2023-01-10T14:30:30","modified_gmt":"2023-01-10T12:30:30","slug":"bogdanov-y-pedersen-abordan-la-situacion-en-siria-2","status":"publish","type":"post","link":"https:\/\/archive.sana.sy\/es\/?p=166272","title":{"rendered":"Bogdanov y Pedersen abordan la situaci\u00f3n en Siria"},"content":{"rendered":"<p style=\"text-align: justify;\"><span style=\"color: #800000;\"><strong>Mosc\u00fa, SANA<\/strong><\/span><\/p>\n<p style=\"text-align: justify;\">El Vicecanciller y Representante Especial del Presidente de Rusia para Oriente Medio y Asuntos Africanos, Mikhail Bogdanov, abord\u00f3 la situaci\u00f3n en Siria, con el Enviado Especial del Secretario General de las Naciones Unidas para Siria, Geir Pedersen,<\/p>\n<p style=\"text-align: justify;\">&#8220;Por iniciativa de las Naciones Unidas, se llev\u00f3 a cabo una conversaci\u00f3n telef\u00f3nica entre Bogdanov y Pedersen, durante la cual ambos discutieron la situaci\u00f3n en Siria, e hicieron hincapi\u00e9 en la necesidad de promover un arreglo integral a la crisis sobre la base de la Resoluci\u00f3n No. 2254 del Consejo de Seguridad de la ONU&#8221;, inform\u00f3 la Canciller\u00eda rusa en un comunicado.<\/p>\n<p style=\"text-align: justify;\">Las dos partes tambi\u00e9n examinaron varias cuestiones relacionadas con la pr\u00f3xima reuni\u00f3n del Comit\u00e9 Constitucional, que se celebrar\u00e1 en Ginebra, y la pr\u00f3xima reuni\u00f3n internacional sobre Siria en el marco de la f\u00f3rmula de Astan\u00e1.<\/p>\n<p style=\"text-align: justify;\"><span style=\"color: #0000ff;\"><strong>rr\/fm<\/strong><\/span><\/p>\n","protected":false},"excerpt":{"rendered":"<p>Mosc\u00fa, SANA El Vicecanciller y Representante Especial del Presidente de Rusia para Oriente Medio y Asuntos Africanos, Mikhail Bogdanov, abord\u00f3 la situaci\u00f3n en Siria, con el Enviado Especial del Secretario General de las Naciones Unidas para Siria, Geir Pedersen, &#8220;Por iniciativa de las Naciones Unidas, se llev\u00f3 a cabo una conversaci\u00f3n telef\u00f3nica entre Bogdanov y &hellip;<\/p>\n","protected":false},"author":34,"featured_media":166273,"comment_status":"closed","ping_status":"closed","sticky":false,"template":"","format":"standard","meta":{"footnotes":""},"categories":[477,447,597,467,7541,1],"tags":[],"class_list":["post-166272","post","type-post","status-publish","format-standard","has-post-thumbnail","","category-noticias-edulcorantes","category-local-politica","category-cinta-de-noticias","category-siria-y-el-mundo","category-ultimas-noticias","category-news-not-sorted"],"_links":{"self":[{"href":"https:\/\/archive.sana.sy\/es\/index.php?rest_route=\/wp\/v2\/posts\/166272"}],"collection":[{"href":"https:\/\/archive.sana.sy\/es\/index.php?rest_route=\/wp\/v2\/posts"}],"about":[{"href":"https:\/\/archive.sana.sy\/es\/index.php?rest_route=\/wp\/v2\/types\/post"}],"author":[{"embeddable":true,"href":"https:\/\/archive.sana.sy\/es\/index.php?rest_route=\/wp\/v2\/users\/34"}],"replies":[{"embeddable":true,"href":"https:\/\/archive.sana.sy\/es\/index.php?rest_route=%2Fwp%2Fv2%2Fcomments&post=166272"}],"version-history":[{"count":0,"href":"https:\/\/archive.sana.sy\/es\/index.php?rest_route=\/wp\/v2\/posts\/166272\/revisions"}],"wp:featuredmedia":[{"embeddable":true,"href":"https:\/\/archive.sana.sy\/es\/index.php?rest_route=\/wp\/v2\/media\/166273"}],"wp:attachment":[{"href":"https:\/\/archive.sana.sy\/es\/index.php?rest_route=%2Fwp%2Fv2%2Fmedia&parent=166272"}],"wp:term":[{"taxonomy":"category","embeddable":true,"href":"https:\/\/archive.sana.sy\/es\/index.php?rest_route=%2Fwp%2Fv2%2Fcategories&post=166272"},{"taxonomy":"post_tag","embeddable":true,"href":"https:\/\/archive.sana.sy\/es\/index.php?rest_route=%2Fwp%2Fv2%2Ftags&post=166272"}],"curies":[{"name":"wp","href":"https:\/\/api.w.org\/{rel}","templated":true}]}}