{"id":16639,"date":"2015-01-23T16:04:24","date_gmt":"2015-01-23T14:04:24","guid":{"rendered":"http:\/\/www.sana.sy\/es\/?p=16639"},"modified":"2015-01-23T16:04:24","modified_gmt":"2015-01-23T14:04:24","slug":"sirios-en-cuba-condenan-los-ataques-terroristas-contra-las-granjas-al-amal-y-el-barrio-ekrema","status":"publish","type":"post","link":"https:\/\/archive.sana.sy\/es\/?p=16639","title":{"rendered":"Sirios en Cuba condenan los ataques terroristas contra las Granjas al-Amal y el barrio Ekrema"},"content":{"rendered":"<p style=\"text-align: justify\"><span style=\"color: #800000\">La Habana, SANA<\/span><\/p>\n<p style=\"text-align: justify\">Estudiantes y miembros de la comunidad siria en Cuba condenaron en\u00e9rgicamente la agresi\u00f3n terrorista sionista en las Granjas Al-Amal en la provincia Quneitra.<\/p>\n<p style=\"text-align: justify\">En un comunicado emitido el jueves, los estudiantes dijeron que la ocupaci\u00f3n israel\u00ed no detuvo sus cr\u00edmenes y violaciones terroristas, sino colabor\u00f3 directamente con las organizaciones terroristas armadas que operan en Siria y les proporcion\u00f3 todo tipo de armas, suministro m\u00e9dico y financiero en medio de un silencio internacional.<\/p>\n<p style=\"text-align: justify\">Asimismo, denunciaron el ataque terrorista que tuvo lugar ayer en el barrio Ekrema en la ciudad de Homs, se\u00f1alando que estos cr\u00edmenes terroristas a pesar de su crueldad, fortalecer\u00e1n la firmeza y la unidad del pueblo sirio.<\/p>\n<p style=\"text-align: justify\">Los miembros de la comunidad siria emitieron una declaraci\u00f3n similar haciendo hincapi\u00e9 en que la guerra sionista-estadounidense respaldado por pa\u00edses \u00e1rabes y regionales est\u00e1 dirigida a destruir el \u00faltimo baluarte de la resistencia y la soberan\u00eda en el mundo \u00e1rabe.<\/p>\n<p style=\"text-align: justify\">Tambi\u00e9n expresaron sus sinceras condolencias a las familias de los m\u00e1rtires que cayeron en los ataques terroristas.<\/p>\n<p style=\"text-align: justify\"><span style=\"color: #0000ff\">Ghifar Al Ali<\/span><\/p>\n","protected":false},"excerpt":{"rendered":"<p>La Habana, SANA Estudiantes y miembros de la comunidad siria en Cuba condenaron en\u00e9rgicamente la agresi\u00f3n terrorista sionista en las Granjas Al-Amal en la provincia Quneitra. En un comunicado emitido el jueves, los estudiantes dijeron que la ocupaci\u00f3n israel\u00ed no detuvo sus cr\u00edmenes y violaciones terroristas, sino colabor\u00f3 directamente con las organizaciones terroristas armadas que &hellip;<\/p>\n","protected":false},"author":1,"featured_media":16640,"comment_status":"closed","ping_status":"closed","sticky":false,"template":"","format":"standard","meta":{"footnotes":""},"categories":[597],"tags":[3761],"class_list":["post-16639","post","type-post","status-publish","format-standard","has-post-thumbnail","","category-cinta-de-noticias","tag-sirios-en-cuba-condenan-los-ataques-terroristas-contra-las-granjas-al-amal-y-el-barrio-ekrema"],"_links":{"self":[{"href":"https:\/\/archive.sana.sy\/es\/index.php?rest_route=\/wp\/v2\/posts\/16639"}],"collection":[{"href":"https:\/\/archive.sana.sy\/es\/index.php?rest_route=\/wp\/v2\/posts"}],"about":[{"href":"https:\/\/archive.sana.sy\/es\/index.php?rest_route=\/wp\/v2\/types\/post"}],"author":[{"embeddable":true,"href":"https:\/\/archive.sana.sy\/es\/index.php?rest_route=\/wp\/v2\/users\/1"}],"replies":[{"embeddable":true,"href":"https:\/\/archive.sana.sy\/es\/index.php?rest_route=%2Fwp%2Fv2%2Fcomments&post=16639"}],"version-history":[{"count":0,"href":"https:\/\/archive.sana.sy\/es\/index.php?rest_route=\/wp\/v2\/posts\/16639\/revisions"}],"wp:featuredmedia":[{"embeddable":true,"href":"https:\/\/archive.sana.sy\/es\/index.php?rest_route=\/wp\/v2\/media\/16640"}],"wp:attachment":[{"href":"https:\/\/archive.sana.sy\/es\/index.php?rest_route=%2Fwp%2Fv2%2Fmedia&parent=16639"}],"wp:term":[{"taxonomy":"category","embeddable":true,"href":"https:\/\/archive.sana.sy\/es\/index.php?rest_route=%2Fwp%2Fv2%2Fcategories&post=16639"},{"taxonomy":"post_tag","embeddable":true,"href":"https:\/\/archive.sana.sy\/es\/index.php?rest_route=%2Fwp%2Fv2%2Ftags&post=16639"}],"curies":[{"name":"wp","href":"https:\/\/api.w.org\/{rel}","templated":true}]}}