{"id":16655,"date":"2015-01-22T22:22:08","date_gmt":"2015-01-22T20:22:08","guid":{"rendered":"http:\/\/www.sana.sy\/es\/?p=16655"},"modified":"2015-01-23T18:51:31","modified_gmt":"2015-01-23T16:51:31","slug":"fallece-el-rey-de-arabia-saudita-a-los-91o-ano-de-edad","status":"publish","type":"post","link":"https:\/\/archive.sana.sy\/es\/?p=16655","title":{"rendered":"Fallece el Rey de Arabia Saudita a los 91\u00ba a\u00f1o de edad"},"content":{"rendered":"<p style=\"text-align: justify\"><span style=\"color: #800000\">Riad, SANA<\/span><\/p>\n<p style=\"text-align: justify\">El Rey de Arabia Saudita, Abdullah, falleci\u00f3 a los 91 \u00ba a\u00f1o de edad seg\u00fan inform\u00f3 la televisi\u00f3n estatal del Reino saud\u00ed.<\/p>\n<p style=\"text-align: justify\">El Rey heredero es el pr\u00edncipe Salman bin Abdul-Aziz Al Saud de 79 a\u00f1os de edad, el cual ha declarado que el nuevo heredero al trono es el pr\u00edncipe Mukrin de 69 a\u00f1os de edad.<\/p>\n<p style=\"text-align: justify\">Cabe mencionar que el Rey Abdullah fue hospitalizado en una cl\u00ednica de Riad a finales del a\u00f1o pasado, donde los m\u00e9dicos diagnosticaron que ten\u00eda neumon\u00eda.<\/p>\n<p style=\"text-align: justify\"><span style=\"color: #0000ff\">Ghifar Al Ali<\/span><\/p>\n","protected":false},"excerpt":{"rendered":"<p>Riad, SANA El Rey de Arabia Saudita, Abdullah, falleci\u00f3 a los 91 \u00ba a\u00f1o de edad seg\u00fan inform\u00f3 la televisi\u00f3n estatal del Reino saud\u00ed. El Rey heredero es el pr\u00edncipe Salman bin Abdul-Aziz Al Saud de 79 a\u00f1os de edad, el cual ha declarado que el nuevo heredero al trono es el pr\u00edncipe Mukrin de &hellip;<\/p>\n","protected":false},"author":1,"featured_media":16656,"comment_status":"closed","ping_status":"closed","sticky":false,"template":"","format":"standard","meta":{"footnotes":""},"categories":[597,456,457,576],"tags":[3766],"class_list":["post-16655","post","type-post","status-publish","format-standard","has-post-thumbnail","","category-cinta-de-noticias","category-arabe-internacional-politica","category-noticias-arabe-internacional-politica","category-noticias-politicas","tag-fallece-el-rey-de-arabia-saudita-a-los-91-o-ano-de-edad"],"_links":{"self":[{"href":"https:\/\/archive.sana.sy\/es\/index.php?rest_route=\/wp\/v2\/posts\/16655"}],"collection":[{"href":"https:\/\/archive.sana.sy\/es\/index.php?rest_route=\/wp\/v2\/posts"}],"about":[{"href":"https:\/\/archive.sana.sy\/es\/index.php?rest_route=\/wp\/v2\/types\/post"}],"author":[{"embeddable":true,"href":"https:\/\/archive.sana.sy\/es\/index.php?rest_route=\/wp\/v2\/users\/1"}],"replies":[{"embeddable":true,"href":"https:\/\/archive.sana.sy\/es\/index.php?rest_route=%2Fwp%2Fv2%2Fcomments&post=16655"}],"version-history":[{"count":0,"href":"https:\/\/archive.sana.sy\/es\/index.php?rest_route=\/wp\/v2\/posts\/16655\/revisions"}],"wp:featuredmedia":[{"embeddable":true,"href":"https:\/\/archive.sana.sy\/es\/index.php?rest_route=\/wp\/v2\/media\/16656"}],"wp:attachment":[{"href":"https:\/\/archive.sana.sy\/es\/index.php?rest_route=%2Fwp%2Fv2%2Fmedia&parent=16655"}],"wp:term":[{"taxonomy":"category","embeddable":true,"href":"https:\/\/archive.sana.sy\/es\/index.php?rest_route=%2Fwp%2Fv2%2Fcategories&post=16655"},{"taxonomy":"post_tag","embeddable":true,"href":"https:\/\/archive.sana.sy\/es\/index.php?rest_route=%2Fwp%2Fv2%2Ftags&post=16655"}],"curies":[{"name":"wp","href":"https:\/\/api.w.org\/{rel}","templated":true}]}}