{"id":166638,"date":"2021-01-18T10:14:24","date_gmt":"2021-01-18T08:14:24","guid":{"rendered":"http:\/\/107.6.182.27\/es\/?p=166638"},"modified":"2021-01-18T10:14:24","modified_gmt":"2021-01-18T08:14:24","slug":"nueva-agresion-aerea-israeli-contra-franja-de-gaza","status":"publish","type":"post","link":"https:\/\/archive.sana.sy\/es\/?p=166638","title":{"rendered":"Nueva agresi\u00f3n a\u00e9rea israel\u00ed contra Franja de Gaza"},"content":{"rendered":"<p><span style=\"color: #800000;\">Jerusal\u00e9n ocupada, SANA <\/span><\/p>\n<p>Aviones de guerra del ocupante israel\u00ed lanzaron al amanecer de este lunes, una nueva agresi\u00f3n \u00e1rea contra la sitiada Franja de Gaza.<\/p>\n<p>La agencia noticiosa palestina (MAAN) inform\u00f3 que &#8220;cazas e helic\u00f3pteros israel\u00edes llevaron a cabo ataques con misiles contra el este de la ciudad de Rafah, al sur de la Franja de Gaza, lo que caus\u00f3 enormes da\u00f1os materiales en las casas y las propiedades de los palestinos&#8221;.<\/p>\n<p>Las fuerzas sionistas perpetran diariamente ataques con aviaciones y artiller\u00eda contra Gaza y provoca muerte y heridas a cientos de palestinos, adem\u00e1s de causar enormes da\u00f1os en la infraestructura.<\/p>\n<p>Asimismo, las tropas sionistas irrumpieron en el sur del Sector, donde arrasaron tierras agr\u00edcolas palestinas.<\/p>\n<p><strong><span style=\"color: #0000ff;\">ed\/fm<\/span><\/strong><\/p>\n","protected":false},"excerpt":{"rendered":"<p>Jerusal\u00e9n ocupada, SANA Aviones de guerra del ocupante israel\u00ed lanzaron al amanecer de este lunes, una nueva agresi\u00f3n \u00e1rea contra la sitiada Franja de Gaza. La agencia noticiosa palestina (MAAN) inform\u00f3 que &#8220;cazas e helic\u00f3pteros israel\u00edes llevaron a cabo ataques con misiles contra el este de la ciudad de Rafah, al sur de la Franja &hellip;<\/p>\n","protected":false},"author":32,"featured_media":166639,"comment_status":"closed","ping_status":"closed","sticky":false,"template":"","format":"standard","meta":{"footnotes":""},"categories":[597,456,7541],"tags":[],"class_list":["post-166638","post","type-post","status-publish","format-standard","has-post-thumbnail","","category-cinta-de-noticias","category-arabe-internacional-politica","category-ultimas-noticias"],"_links":{"self":[{"href":"https:\/\/archive.sana.sy\/es\/index.php?rest_route=\/wp\/v2\/posts\/166638"}],"collection":[{"href":"https:\/\/archive.sana.sy\/es\/index.php?rest_route=\/wp\/v2\/posts"}],"about":[{"href":"https:\/\/archive.sana.sy\/es\/index.php?rest_route=\/wp\/v2\/types\/post"}],"author":[{"embeddable":true,"href":"https:\/\/archive.sana.sy\/es\/index.php?rest_route=\/wp\/v2\/users\/32"}],"replies":[{"embeddable":true,"href":"https:\/\/archive.sana.sy\/es\/index.php?rest_route=%2Fwp%2Fv2%2Fcomments&post=166638"}],"version-history":[{"count":0,"href":"https:\/\/archive.sana.sy\/es\/index.php?rest_route=\/wp\/v2\/posts\/166638\/revisions"}],"wp:featuredmedia":[{"embeddable":true,"href":"https:\/\/archive.sana.sy\/es\/index.php?rest_route=\/wp\/v2\/media\/166639"}],"wp:attachment":[{"href":"https:\/\/archive.sana.sy\/es\/index.php?rest_route=%2Fwp%2Fv2%2Fmedia&parent=166638"}],"wp:term":[{"taxonomy":"category","embeddable":true,"href":"https:\/\/archive.sana.sy\/es\/index.php?rest_route=%2Fwp%2Fv2%2Fcategories&post=166638"},{"taxonomy":"post_tag","embeddable":true,"href":"https:\/\/archive.sana.sy\/es\/index.php?rest_route=%2Fwp%2Fv2%2Ftags&post=166638"}],"curies":[{"name":"wp","href":"https:\/\/api.w.org\/{rel}","templated":true}]}}