{"id":166708,"date":"2021-01-18T11:48:02","date_gmt":"2021-01-18T09:48:02","guid":{"rendered":"http:\/\/107.6.182.27\/es\/?p=166708"},"modified":"2021-01-18T11:48:02","modified_gmt":"2021-01-18T09:48:02","slug":"washington-traslada-a-70-terroristas-del-daesh-a-su-base-ilegal-en-tanef-siria","status":"publish","type":"post","link":"https:\/\/archive.sana.sy\/es\/?p=166708","title":{"rendered":"Washington traslada a 70 terroristas del Daesh a su base ilegal en Tanef\/Siria"},"content":{"rendered":"<p style=\"text-align: justify;\"><span style=\"color: #800000;\"><strong>Hasakeh, SANA<\/strong><\/span><\/p>\n<p style=\"text-align: justify;\">Las fuerzas de ocupaci\u00f3n estadounidenses trasladaron a decenas de terroristas del Daesh de las c\u00e1rceles controladas por la milicia separatista FDS en la provincia siria de Hasakeh a la base de las fuerzas de ocupaci\u00f3n establecida ilegalmente en la regi\u00f3n siria de Tanef, en la frontera entre Siria y Jordania.<\/p>\n<p style=\"text-align: justify;\">Washington pretende de esa medida utilizar nuevamente a esos grupos terroristas para implementar sus planes en la regi\u00f3n.<\/p>\n<p style=\"text-align: justify;\">Activistas locales informaron al corresponsal de SANA que las fuerzas de ocupaci\u00f3n transfirieron a 70 terroristas detenidos en la escuela industrial (convertida en una prisi\u00f3n por Washington y su milicia FDS) en la entrada sur de la ciudad de Hasakeh a su base ilegal en Tanef.<\/p>\n<p style=\"text-align: justify;\">Agregaron que Washington garantiza en Tanef un refugio seguro a los terroristas y los apoyan con armas y tambi\u00e9n les ofrece protecci\u00f3n durante ataques en Siria.<\/p>\n<p style=\"text-align: justify;\">El d\u00eda 5 de este mes, las fuerzas de ocupaci\u00f3n estadounidenses transportaron en un helic\u00f3ptero a su base en Tanf, a 60 terroristas del Daesh.<\/p>\n<p style=\"text-align: justify;\"><strong><span style=\"color: #0000ff;\">fm\/ed<\/span><\/strong><\/p>\n","protected":false},"excerpt":{"rendered":"<p>Hasakeh, SANA Las fuerzas de ocupaci\u00f3n estadounidenses trasladaron a decenas de terroristas del Daesh de las c\u00e1rceles controladas por la milicia separatista FDS en la provincia siria de Hasakeh a la base de las fuerzas de ocupaci\u00f3n establecida ilegalmente en la regi\u00f3n siria de Tanef, en la frontera entre Siria y Jordania. Washington pretende de &hellip;<\/p>\n","protected":false},"author":32,"featured_media":166709,"comment_status":"closed","ping_status":"closed","sticky":false,"template":"","format":"standard","meta":{"footnotes":""},"categories":[477,597,476,7541],"tags":[],"class_list":["post-166708","post","type-post","status-publish","format-standard","has-post-thumbnail","","category-noticias-edulcorantes","category-cinta-de-noticias","category-locales","category-ultimas-noticias"],"_links":{"self":[{"href":"https:\/\/archive.sana.sy\/es\/index.php?rest_route=\/wp\/v2\/posts\/166708"}],"collection":[{"href":"https:\/\/archive.sana.sy\/es\/index.php?rest_route=\/wp\/v2\/posts"}],"about":[{"href":"https:\/\/archive.sana.sy\/es\/index.php?rest_route=\/wp\/v2\/types\/post"}],"author":[{"embeddable":true,"href":"https:\/\/archive.sana.sy\/es\/index.php?rest_route=\/wp\/v2\/users\/32"}],"replies":[{"embeddable":true,"href":"https:\/\/archive.sana.sy\/es\/index.php?rest_route=%2Fwp%2Fv2%2Fcomments&post=166708"}],"version-history":[{"count":0,"href":"https:\/\/archive.sana.sy\/es\/index.php?rest_route=\/wp\/v2\/posts\/166708\/revisions"}],"wp:featuredmedia":[{"embeddable":true,"href":"https:\/\/archive.sana.sy\/es\/index.php?rest_route=\/wp\/v2\/media\/166709"}],"wp:attachment":[{"href":"https:\/\/archive.sana.sy\/es\/index.php?rest_route=%2Fwp%2Fv2%2Fmedia&parent=166708"}],"wp:term":[{"taxonomy":"category","embeddable":true,"href":"https:\/\/archive.sana.sy\/es\/index.php?rest_route=%2Fwp%2Fv2%2Fcategories&post=166708"},{"taxonomy":"post_tag","embeddable":true,"href":"https:\/\/archive.sana.sy\/es\/index.php?rest_route=%2Fwp%2Fv2%2Ftags&post=166708"}],"curies":[{"name":"wp","href":"https:\/\/api.w.org\/{rel}","templated":true}]}}