{"id":166742,"date":"2021-01-18T18:27:39","date_gmt":"2021-01-18T16:27:39","guid":{"rendered":"http:\/\/107.6.182.27\/es\/?p=166742"},"modified":"2021-01-18T18:31:34","modified_gmt":"2021-01-18T16:31:34","slug":"siria-desmiente-noticias-difundidas-sobre-supuestas-reuniones-sirio-israelies","status":"publish","type":"post","link":"https:\/\/archive.sana.sy\/es\/?p=166742","title":{"rendered":"Siria desmiente noticias difundidas sobre supuestas reuniones sirio-israel\u00edes"},"content":{"rendered":"<p><span style=\"color: #800000;\">Damasco, SANA<\/span><\/p>\n<p style=\"text-align: justify;\">Siria desminti\u00f3 de forma categ\u00f3rica las noticias difundidas por algunos medios de comunicaci\u00f3n pagados sobre reuniones sirio-israel\u00edes.<\/p>\n<p style=\"text-align: justify;\">\u201cDifundir tales noticias constituye un intento fallido de los financiadores de esos medios para cuestionar las posturas firmes y de principio de Siria con respecto a la ocupaci\u00f3n israel\u00ed\u201d, afirm\u00f3 el Ministerio de Exteriores y Expatriados en una declaraci\u00f3n emitida hoy lunes.<\/p>\n<p style=\"text-align: justify;\">La nota agreg\u00f3 que \u201cSiria fue y sigue siendo clara en su pol\u00edtica y en la adopci\u00f3n de sus decisiones teniendo en cuenta el inter\u00e9s nacional y en favor de las causas justas de la naci\u00f3n \u00e1rabe, a su frente la causa palestina y la liberaci\u00f3n de todo el Gol\u00e1n \u00e1rabe sirio ocupado y de los territorios \u00e1rabes ocupadas de conformidad con las resoluciones internacionales pertinentes\u201d.<\/p>\n<p style=\"text-align: justify;\">Indic\u00f3 que &#8220;las fuerzas que est\u00e1n detr\u00e1s de estas mentiras son las mismas que est\u00e1n ansiosas por buscar la normalizaci\u00f3n con el ente sionista y est\u00e1n tratando de arrastrar a toda la regi\u00f3n a alianzas sionistas occidentales mediante la intimidaci\u00f3n o la seducci\u00f3n&#8230; y cuando fallan, recurren a m\u00e9todos tan ingenuos mediante la difusi\u00f3n noticias falsas&#8221;.<\/p>\n<p><span style=\"color: #0000ff;\">fm\/rr<\/span><\/p>\n","protected":false},"excerpt":{"rendered":"<p>Damasco, SANA Siria desminti\u00f3 de forma categ\u00f3rica las noticias difundidas por algunos medios de comunicaci\u00f3n pagados sobre reuniones sirio-israel\u00edes. \u201cDifundir tales noticias constituye un intento fallido de los financiadores de esos medios para cuestionar las posturas firmes y de principio de Siria con respecto a la ocupaci\u00f3n israel\u00ed\u201d, afirm\u00f3 el Ministerio de Exteriores y Expatriados &hellip;<\/p>\n","protected":false},"author":31,"featured_media":166743,"comment_status":"closed","ping_status":"closed","sticky":false,"template":"","format":"standard","meta":{"footnotes":""},"categories":[597,476,583],"tags":[],"class_list":["post-166742","post","type-post","status-publish","format-standard","has-post-thumbnail","","category-cinta-de-noticias","category-locales","category-slide"],"_links":{"self":[{"href":"https:\/\/archive.sana.sy\/es\/index.php?rest_route=\/wp\/v2\/posts\/166742"}],"collection":[{"href":"https:\/\/archive.sana.sy\/es\/index.php?rest_route=\/wp\/v2\/posts"}],"about":[{"href":"https:\/\/archive.sana.sy\/es\/index.php?rest_route=\/wp\/v2\/types\/post"}],"author":[{"embeddable":true,"href":"https:\/\/archive.sana.sy\/es\/index.php?rest_route=\/wp\/v2\/users\/31"}],"replies":[{"embeddable":true,"href":"https:\/\/archive.sana.sy\/es\/index.php?rest_route=%2Fwp%2Fv2%2Fcomments&post=166742"}],"version-history":[{"count":0,"href":"https:\/\/archive.sana.sy\/es\/index.php?rest_route=\/wp\/v2\/posts\/166742\/revisions"}],"wp:featuredmedia":[{"embeddable":true,"href":"https:\/\/archive.sana.sy\/es\/index.php?rest_route=\/wp\/v2\/media\/166743"}],"wp:attachment":[{"href":"https:\/\/archive.sana.sy\/es\/index.php?rest_route=%2Fwp%2Fv2%2Fmedia&parent=166742"}],"wp:term":[{"taxonomy":"category","embeddable":true,"href":"https:\/\/archive.sana.sy\/es\/index.php?rest_route=%2Fwp%2Fv2%2Fcategories&post=166742"},{"taxonomy":"post_tag","embeddable":true,"href":"https:\/\/archive.sana.sy\/es\/index.php?rest_route=%2Fwp%2Fv2%2Ftags&post=166742"}],"curies":[{"name":"wp","href":"https:\/\/api.w.org\/{rel}","templated":true}]}}